{"id":745,"date":"2022-01-08T12:34:13","date_gmt":"2022-01-08T12:34:13","guid":{"rendered":"http:\/\/lesmotifs.blogcinemacentansdejeunesse.org\/blog\/?p=745"},"modified":"2022-01-09T09:34:30","modified_gmt":"2022-01-09T09:34:30","slug":"a-la-decouverte-des-motifs-recurrents-dans-mustang","status":"publish","type":"post","link":"http:\/\/lesmotifs.blogcinemacentansdejeunesse.org\/blog\/champollion\/a-la-decouverte-des-motifs-recurrents-dans-mustang\/","title":{"rendered":"A la d\u00e9couverte des motifs r\u00e9currents dans Mustang"},"content":{"rendered":"\n<p><strong><span class=\"has-inline-color has-blue-color\">Le motif de la chevelure dans Mustang&nbsp;: la r\u00e9it\u00e9ration du MOTIF<\/span><\/strong><\/p>\n\n\n\n<p><strong>Extrait 1&nbsp;: La punition de l\u2019oncle.<\/strong><\/p>\n\n\n\n<p><em>L\u2019oncle s\u2019en prend violemment \u00e0 la volont\u00e9 d\u2019ind\u00e9pendance de ses ni\u00e8ces incarn\u00e9e par les cheveux. Il les empoigne par la chevelure. Les s\u0153urs forment une \u00ab&nbsp;masse&nbsp;\u00bb invincible face \u00e0 son autorit\u00e9 indiscutable. Dans la voiture, les cheveux s\u2019entrem\u00ealent et accentuent la complicit\u00e9 des s\u0153urs face \u00e0 l\u2019absurdit\u00e9 et l\u2019injustice de la situation.<\/em><\/p>\n\n\n\n<figure class=\"wp-block-image size-medium\"><img loading=\"lazy\" width=\"300\" height=\"151\" src=\"http:\/\/lesmotifs.blogcinemacentansdejeunesse.org\/blog\/wp-content\/uploads\/2022\/01\/chevelure-1-300x151.png\" alt=\"\" class=\"wp-image-855\" srcset=\"http:\/\/lesmotifs.blogcinemacentansdejeunesse.org\/blog\/wp-content\/uploads\/2022\/01\/chevelure-1-300x151.png 300w, http:\/\/lesmotifs.blogcinemacentansdejeunesse.org\/blog\/wp-content\/uploads\/2022\/01\/chevelure-1.png 406w\" sizes=\"(max-width: 300px) 100vw, 300px\" \/><\/figure>\n\n\n\n<figure class=\"wp-block-image size-medium\"><img loading=\"lazy\" width=\"300\" height=\"119\" src=\"http:\/\/lesmotifs.blogcinemacentansdejeunesse.org\/blog\/wp-content\/uploads\/2022\/01\/chevelure-2-300x119.png\" alt=\"\" class=\"wp-image-856\" srcset=\"http:\/\/lesmotifs.blogcinemacentansdejeunesse.org\/blog\/wp-content\/uploads\/2022\/01\/chevelure-2-300x119.png 300w, http:\/\/lesmotifs.blogcinemacentansdejeunesse.org\/blog\/wp-content\/uploads\/2022\/01\/chevelure-2.png 608w\" sizes=\"(max-width: 300px) 100vw, 300px\" \/><\/figure>\n\n\n\n<p><strong>Extrait 2&nbsp;: La fugue<\/strong><\/p>\n\n\n\n<p><em>Dans cet extrait, les cheveux sont clairement mis en avant pour d\u00e9signer la libert\u00e9 prise par les filles qui transgressent les r\u00e8gles&nbsp;: cheveux au vent. .<\/em><\/p>\n\n\n\n<figure class=\"wp-block-image size-medium\"><img loading=\"lazy\" width=\"300\" height=\"123\" src=\"http:\/\/lesmotifs.blogcinemacentansdejeunesse.org\/blog\/wp-content\/uploads\/2022\/01\/chevelure-3-300x123.png\" alt=\"\" class=\"wp-image-857\" srcset=\"http:\/\/lesmotifs.blogcinemacentansdejeunesse.org\/blog\/wp-content\/uploads\/2022\/01\/chevelure-3-300x123.png 300w, http:\/\/lesmotifs.blogcinemacentansdejeunesse.org\/blog\/wp-content\/uploads\/2022\/01\/chevelure-3.png 560w\" sizes=\"(max-width: 300px) 100vw, 300px\" \/><\/figure>\n\n\n\n<figure class=\"wp-block-image size-medium\"><img loading=\"lazy\" width=\"300\" height=\"147\" src=\"http:\/\/lesmotifs.blogcinemacentansdejeunesse.org\/blog\/wp-content\/uploads\/2022\/01\/chevelure-4-300x147.png\" alt=\"\" class=\"wp-image-858\" srcset=\"http:\/\/lesmotifs.blogcinemacentansdejeunesse.org\/blog\/wp-content\/uploads\/2022\/01\/chevelure-4-300x147.png 300w, http:\/\/lesmotifs.blogcinemacentansdejeunesse.org\/blog\/wp-content\/uploads\/2022\/01\/chevelure-4.png 618w\" sizes=\"(max-width: 300px) 100vw, 300px\" \/><\/figure>\n\n\n\n<p><strong>Extrait 3&nbsp;: Apr\u00e8s la mort de l\u2019une d\u2019elles.&nbsp;<\/strong><\/p>\n\n\n\n<p><em>En contraste avec l\u2019extrait pr\u00e9c\u00e9dent, c\u2019est un extrait sombre et tragique. La perte volontaire des cheveux de Lale va lui donner sa force de r\u00e9sistance. Elle brave l\u2019interdit religieux. R\u00e9f\u00e9rence au mythe biblique de Samson et Dalila<\/em> ?<\/p>\n\n\n\n<figure class=\"wp-block-image size-medium\"><img loading=\"lazy\" width=\"300\" height=\"207\" src=\"http:\/\/lesmotifs.blogcinemacentansdejeunesse.org\/blog\/wp-content\/uploads\/2022\/01\/chevelure-5-300x207.png\" alt=\"\" class=\"wp-image-859\" srcset=\"http:\/\/lesmotifs.blogcinemacentansdejeunesse.org\/blog\/wp-content\/uploads\/2022\/01\/chevelure-5-300x207.png 300w, http:\/\/lesmotifs.blogcinemacentansdejeunesse.org\/blog\/wp-content\/uploads\/2022\/01\/chevelure-5.png 343w\" sizes=\"(max-width: 300px) 100vw, 300px\" \/><\/figure>\n\n\n\n<figure class=\"wp-block-image size-full\"><img loading=\"lazy\" width=\"260\" height=\"172\" src=\"http:\/\/lesmotifs.blogcinemacentansdejeunesse.org\/blog\/wp-content\/uploads\/2022\/01\/chevelure-6.png\" alt=\"\" class=\"wp-image-860\" \/><\/figure>\n\n\n\n<p><strong>Extrait 4&nbsp;: les souvenirs de Lale&nbsp;: la fin du film&nbsp;:<\/strong><\/p>\n\n\n\n<p><em>Les chevelures transgressant les interdits, en plein vent. Ce rappel du souvenir de la complicit\u00e9 des s\u0153urs en fugue est important pour Lale, jusqu\u2019au plan final du film qui donnera toute son importance \u00e0 ce motif\u2026<\/em><\/p>\n\n\n\n<figure class=\"wp-block-image size-medium\"><img loading=\"lazy\" width=\"300\" height=\"122\" src=\"http:\/\/lesmotifs.blogcinemacentansdejeunesse.org\/blog\/wp-content\/uploads\/2022\/01\/chevelure-7-300x122.png\" alt=\"\" class=\"wp-image-861\" srcset=\"http:\/\/lesmotifs.blogcinemacentansdejeunesse.org\/blog\/wp-content\/uploads\/2022\/01\/chevelure-7-300x122.png 300w, http:\/\/lesmotifs.blogcinemacentansdejeunesse.org\/blog\/wp-content\/uploads\/2022\/01\/chevelure-7.png 474w\" sizes=\"(max-width: 300px) 100vw, 300px\" \/><\/figure>\n\n\n\n<figure class=\"wp-block-image size-medium\"><img loading=\"lazy\" width=\"300\" height=\"123\" src=\"http:\/\/lesmotifs.blogcinemacentansdejeunesse.org\/blog\/wp-content\/uploads\/2022\/01\/chevelure-8-300x123.png\" alt=\"\" class=\"wp-image-862\" srcset=\"http:\/\/lesmotifs.blogcinemacentansdejeunesse.org\/blog\/wp-content\/uploads\/2022\/01\/chevelure-8-300x123.png 300w, http:\/\/lesmotifs.blogcinemacentansdejeunesse.org\/blog\/wp-content\/uploads\/2022\/01\/chevelure-8.png 518w\" sizes=\"(max-width: 300px) 100vw, 300px\" \/><\/figure>\n\n\n\n<p><strong><span class=\"has-inline-color has-blue-color\">Le motif de la fen\u00eatre, des portes&#8230; dans Mustang : r\u00e9it\u00e9ration des motifs qui \u00ab\u00a0surcadrent\u00a0\u00bb<\/span><\/strong><\/p>\n\n\n\n<p><a href=\"https:\/\/tube-grenoble.beta.education.fr\/videos\/watch\/f3c63700-8de6-4dc0-8f4e-e29603469808\">https:\/\/tube-grenoble.beta.education.fr\/videos\/watch\/f3c63700-8de6-4dc0-8f4e-e29603469808<\/a><\/p>\n\n\n\n<p><em>Au fur et \u00e0 mesure que les fen\u00eatres se ferment, que l\u2019espace se restreint, les filles s\u2019ouvrent vers l\u2019ext\u00e9rieur ( surtout Lale) au point de s\u2019en servir \u00e0 la fin du film contre l\u2019oncle qui finit par rester dehors. Les filles finissent par se servir de leur prison pour s\u2019\u00e9vader\u2026.<\/em><\/p>\n\n\n\n<p>Les lignes verticales et horizontales, qui viennent encadrer le titre d\u00e8s le g\u00e9n\u00e9rique, annoncent la r\u00e9it\u00e9ration de ces motifs qui viennent \u00ab\u00a0encadrer\u00a0\u00bb , \u00ab\u00a0enfermer\u00a0\u00bb les \u00ab\u00a0mustangs \u00ab\u00a0, ces jeunes filles pleines de vie. <\/p>\n\n\n\n<figure class=\"wp-block-image size-large is-resized\"><img loading=\"lazy\" src=\"http:\/\/lesmotifs.blogcinemacentansdejeunesse.org\/blog\/wp-content\/uploads\/2022\/01\/Capture-de\u0301cran-2022-01-08-a\u0300-13.29.39-1024x602.png\" alt=\"\" class=\"wp-image-871\" width=\"498\" height=\"292\" srcset=\"http:\/\/lesmotifs.blogcinemacentansdejeunesse.org\/blog\/wp-content\/uploads\/2022\/01\/Capture-de\u0301cran-2022-01-08-a\u0300-13.29.39-1024x602.png 1024w, http:\/\/lesmotifs.blogcinemacentansdejeunesse.org\/blog\/wp-content\/uploads\/2022\/01\/Capture-de\u0301cran-2022-01-08-a\u0300-13.29.39-300x176.png 300w, http:\/\/lesmotifs.blogcinemacentansdejeunesse.org\/blog\/wp-content\/uploads\/2022\/01\/Capture-de\u0301cran-2022-01-08-a\u0300-13.29.39-768x452.png 768w, http:\/\/lesmotifs.blogcinemacentansdejeunesse.org\/blog\/wp-content\/uploads\/2022\/01\/Capture-de\u0301cran-2022-01-08-a\u0300-13.29.39-1536x903.png 1536w, http:\/\/lesmotifs.blogcinemacentansdejeunesse.org\/blog\/wp-content\/uploads\/2022\/01\/Capture-de\u0301cran-2022-01-08-a\u0300-13.29.39-2048x1204.png 2048w\" sizes=\"(max-width: 498px) 100vw, 498px\" \/><\/figure>\n\n\n\n<figure class=\"wp-block-image size-full\"><img loading=\"lazy\" width=\"556\" height=\"339\" src=\"http:\/\/lesmotifs.blogcinemacentansdejeunesse.org\/blog\/wp-content\/uploads\/2022\/01\/fene\u0302tre-mustang.png\" alt=\"\" class=\"wp-image-869\" srcset=\"http:\/\/lesmotifs.blogcinemacentansdejeunesse.org\/blog\/wp-content\/uploads\/2022\/01\/fene\u0302tre-mustang.png 556w, http:\/\/lesmotifs.blogcinemacentansdejeunesse.org\/blog\/wp-content\/uploads\/2022\/01\/fene\u0302tre-mustang-300x183.png 300w\" sizes=\"(max-width: 556px) 100vw, 556px\" \/><\/figure>\n\n\n\n<figure class=\"wp-block-image size-medium\"><img loading=\"lazy\" width=\"300\" height=\"233\" src=\"http:\/\/lesmotifs.blogcinemacentansdejeunesse.org\/blog\/wp-content\/uploads\/2022\/01\/Capture-de\u0301cran-2022-01-08-a\u0300-09.20.24-1-300x233.png\" alt=\"\" class=\"wp-image-864\" srcset=\"http:\/\/lesmotifs.blogcinemacentansdejeunesse.org\/blog\/wp-content\/uploads\/2022\/01\/Capture-de\u0301cran-2022-01-08-a\u0300-09.20.24-1-300x233.png 300w, http:\/\/lesmotifs.blogcinemacentansdejeunesse.org\/blog\/wp-content\/uploads\/2022\/01\/Capture-de\u0301cran-2022-01-08-a\u0300-09.20.24-1-1024x796.png 1024w, http:\/\/lesmotifs.blogcinemacentansdejeunesse.org\/blog\/wp-content\/uploads\/2022\/01\/Capture-de\u0301cran-2022-01-08-a\u0300-09.20.24-1-768x597.png 768w, http:\/\/lesmotifs.blogcinemacentansdejeunesse.org\/blog\/wp-content\/uploads\/2022\/01\/Capture-de\u0301cran-2022-01-08-a\u0300-09.20.24-1-1536x1194.png 1536w, http:\/\/lesmotifs.blogcinemacentansdejeunesse.org\/blog\/wp-content\/uploads\/2022\/01\/Capture-de\u0301cran-2022-01-08-a\u0300-09.20.24-1.png 1826w\" sizes=\"(max-width: 300px) 100vw, 300px\" \/><\/figure>\n\n\n\n<figure class=\"wp-block-image size-medium\"><img loading=\"lazy\" width=\"300\" height=\"261\" src=\"http:\/\/lesmotifs.blogcinemacentansdejeunesse.org\/blog\/wp-content\/uploads\/2022\/01\/Capture-de\u0301cran-2022-01-08-a\u0300-09.21.01-300x261.png\" alt=\"\" class=\"wp-image-865\" srcset=\"http:\/\/lesmotifs.blogcinemacentansdejeunesse.org\/blog\/wp-content\/uploads\/2022\/01\/Capture-de\u0301cran-2022-01-08-a\u0300-09.21.01-300x261.png 300w, http:\/\/lesmotifs.blogcinemacentansdejeunesse.org\/blog\/wp-content\/uploads\/2022\/01\/Capture-de\u0301cran-2022-01-08-a\u0300-09.21.01-1024x892.png 1024w, http:\/\/lesmotifs.blogcinemacentansdejeunesse.org\/blog\/wp-content\/uploads\/2022\/01\/Capture-de\u0301cran-2022-01-08-a\u0300-09.21.01-768x669.png 768w, http:\/\/lesmotifs.blogcinemacentansdejeunesse.org\/blog\/wp-content\/uploads\/2022\/01\/Capture-de\u0301cran-2022-01-08-a\u0300-09.21.01-1536x1337.png 1536w, http:\/\/lesmotifs.blogcinemacentansdejeunesse.org\/blog\/wp-content\/uploads\/2022\/01\/Capture-de\u0301cran-2022-01-08-a\u0300-09.21.01.png 1640w\" sizes=\"(max-width: 300px) 100vw, 300px\" \/><\/figure>\n\n\n\n<figure class=\"wp-block-image size-medium\"><img loading=\"lazy\" width=\"300\" height=\"213\" src=\"http:\/\/lesmotifs.blogcinemacentansdejeunesse.org\/blog\/wp-content\/uploads\/2022\/01\/Capture-de\u0301cran-2022-01-08-a\u0300-09.21.23-300x213.png\" alt=\"\" class=\"wp-image-866\" srcset=\"http:\/\/lesmotifs.blogcinemacentansdejeunesse.org\/blog\/wp-content\/uploads\/2022\/01\/Capture-de\u0301cran-2022-01-08-a\u0300-09.21.23-300x213.png 300w, http:\/\/lesmotifs.blogcinemacentansdejeunesse.org\/blog\/wp-content\/uploads\/2022\/01\/Capture-de\u0301cran-2022-01-08-a\u0300-09.21.23-1024x726.png 1024w, http:\/\/lesmotifs.blogcinemacentansdejeunesse.org\/blog\/wp-content\/uploads\/2022\/01\/Capture-de\u0301cran-2022-01-08-a\u0300-09.21.23-768x545.png 768w, http:\/\/lesmotifs.blogcinemacentansdejeunesse.org\/blog\/wp-content\/uploads\/2022\/01\/Capture-de\u0301cran-2022-01-08-a\u0300-09.21.23-1536x1089.png 1536w, http:\/\/lesmotifs.blogcinemacentansdejeunesse.org\/blog\/wp-content\/uploads\/2022\/01\/Capture-de\u0301cran-2022-01-08-a\u0300-09.21.23.png 2008w\" sizes=\"(max-width: 300px) 100vw, 300px\" \/><\/figure>\n\n\n\n<figure class=\"wp-block-image size-medium\"><img loading=\"lazy\" width=\"300\" height=\"167\" src=\"http:\/\/lesmotifs.blogcinemacentansdejeunesse.org\/blog\/wp-content\/uploads\/2022\/01\/Capture-de\u0301cran-2022-01-08-a\u0300-09.21.59-300x167.png\" alt=\"\" class=\"wp-image-867\" srcset=\"http:\/\/lesmotifs.blogcinemacentansdejeunesse.org\/blog\/wp-content\/uploads\/2022\/01\/Capture-de\u0301cran-2022-01-08-a\u0300-09.21.59-300x167.png 300w, http:\/\/lesmotifs.blogcinemacentansdejeunesse.org\/blog\/wp-content\/uploads\/2022\/01\/Capture-de\u0301cran-2022-01-08-a\u0300-09.21.59-1024x572.png 1024w, http:\/\/lesmotifs.blogcinemacentansdejeunesse.org\/blog\/wp-content\/uploads\/2022\/01\/Capture-de\u0301cran-2022-01-08-a\u0300-09.21.59-768x429.png 768w, http:\/\/lesmotifs.blogcinemacentansdejeunesse.org\/blog\/wp-content\/uploads\/2022\/01\/Capture-de\u0301cran-2022-01-08-a\u0300-09.21.59-1536x857.png 1536w, http:\/\/lesmotifs.blogcinemacentansdejeunesse.org\/blog\/wp-content\/uploads\/2022\/01\/Capture-de\u0301cran-2022-01-08-a\u0300-09.21.59-2048x1143.png 2048w\" sizes=\"(max-width: 300px) 100vw, 300px\" \/><\/figure>\n\n\n\n<figure class=\"wp-block-image size-medium\"><img loading=\"lazy\" width=\"300\" height=\"226\" src=\"http:\/\/lesmotifs.blogcinemacentansdejeunesse.org\/blog\/wp-content\/uploads\/2022\/01\/Capture-de\u0301cran-2022-01-08-a\u0300-09.22.23-300x226.png\" alt=\"\" class=\"wp-image-868\" srcset=\"http:\/\/lesmotifs.blogcinemacentansdejeunesse.org\/blog\/wp-content\/uploads\/2022\/01\/Capture-de\u0301cran-2022-01-08-a\u0300-09.22.23-300x226.png 300w, http:\/\/lesmotifs.blogcinemacentansdejeunesse.org\/blog\/wp-content\/uploads\/2022\/01\/Capture-de\u0301cran-2022-01-08-a\u0300-09.22.23-1024x773.png 1024w, http:\/\/lesmotifs.blogcinemacentansdejeunesse.org\/blog\/wp-content\/uploads\/2022\/01\/Capture-de\u0301cran-2022-01-08-a\u0300-09.22.23-768x579.png 768w, http:\/\/lesmotifs.blogcinemacentansdejeunesse.org\/blog\/wp-content\/uploads\/2022\/01\/Capture-de\u0301cran-2022-01-08-a\u0300-09.22.23-1536x1159.png 1536w, http:\/\/lesmotifs.blogcinemacentansdejeunesse.org\/blog\/wp-content\/uploads\/2022\/01\/Capture-de\u0301cran-2022-01-08-a\u0300-09.22.23.png 1890w\" sizes=\"(max-width: 300px) 100vw, 300px\" \/><\/figure>\n","protected":false},"excerpt":{"rendered":"<p>Le motif de la chevelure dans Mustang&nbsp;: la r\u00e9it\u00e9ration du MOTIF Extrait 1&nbsp;: La punition de l\u2019oncle. L\u2019oncle s\u2019en prend violemment \u00e0 la volont\u00e9 d\u2019ind\u00e9pendance de ses ni\u00e8ces incarn\u00e9e par les cheveux. Il les empoigne par la chevelure. Les s\u0153urs &hellip; <a href=\"http:\/\/lesmotifs.blogcinemacentansdejeunesse.org\/blog\/champollion\/a-la-decouverte-des-motifs-recurrents-dans-mustang\/\">Continuer la lecture <span class=\"meta-nav\">&rarr;<\/span><\/a><\/p>\n","protected":false},"author":15,"featured_media":0,"comment_status":"open","ping_status":"open","sticky":false,"template":"","format":"standard","meta":[],"categories":[26],"tags":[],"_links":{"self":[{"href":"http:\/\/lesmotifs.blogcinemacentansdejeunesse.org\/blog\/wp-json\/wp\/v2\/posts\/745"}],"collection":[{"href":"http:\/\/lesmotifs.blogcinemacentansdejeunesse.org\/blog\/wp-json\/wp\/v2\/posts"}],"about":[{"href":"http:\/\/lesmotifs.blogcinemacentansdejeunesse.org\/blog\/wp-json\/wp\/v2\/types\/post"}],"author":[{"embeddable":true,"href":"http:\/\/lesmotifs.blogcinemacentansdejeunesse.org\/blog\/wp-json\/wp\/v2\/users\/15"}],"replies":[{"embeddable":true,"href":"http:\/\/lesmotifs.blogcinemacentansdejeunesse.org\/blog\/wp-json\/wp\/v2\/comments?post=745"}],"version-history":[{"count":10,"href":"http:\/\/lesmotifs.blogcinemacentansdejeunesse.org\/blog\/wp-json\/wp\/v2\/posts\/745\/revisions"}],"predecessor-version":[{"id":878,"href":"http:\/\/lesmotifs.blogcinemacentansdejeunesse.org\/blog\/wp-json\/wp\/v2\/posts\/745\/revisions\/878"}],"wp:attachment":[{"href":"http:\/\/lesmotifs.blogcinemacentansdejeunesse.org\/blog\/wp-json\/wp\/v2\/media?parent=745"}],"wp:term":[{"taxonomy":"category","embeddable":true,"href":"http:\/\/lesmotifs.blogcinemacentansdejeunesse.org\/blog\/wp-json\/wp\/v2\/categories?post=745"},{"taxonomy":"post_tag","embeddable":true,"href":"http:\/\/lesmotifs.blogcinemacentansdejeunesse.org\/blog\/wp-json\/wp\/v2\/tags?post=745"}],"curies":[{"name":"wp","href":"https:\/\/api.w.org\/{rel}","templated":true}]}}