{"id":699,"date":"2021-12-17T11:57:33","date_gmt":"2021-12-17T11:57:33","guid":{"rendered":"http:\/\/lesmotifs.blogcinemacentansdejeunesse.org\/blog\/?p=699"},"modified":"2021-12-17T15:33:55","modified_gmt":"2021-12-17T15:33:55","slug":"apresentacao-do-grupo-da-escola-secundaria-de-camoes","status":"publish","type":"post","link":"http:\/\/lesmotifs.blogcinemacentansdejeunesse.org\/blog\/camoes\/apresentacao-do-grupo-da-escola-secundaria-de-camoes\/","title":{"rendered":"Apresenta\u00e7\u00e3o do grupo da Escola Secund\u00e1ria de Cam\u00f5es"},"content":{"rendered":"\n<p>Caros espectadores,<\/p>\n\n\n\n<p>Apresentamos-vos, em estreia, o grupo de cinema, uma co-produ\u00e7\u00e3o entre a Escola Secund\u00e1ria de Cam\u00f5es e Filhos de Lumi\u00e9re, realizado por: Madalena, Carolina, Catarina, Gaspar, Mads, Francisca, Maria, Clara, Jo\u00e3o, Sim\u00e3o, In\u00eas, Vicente.<\/p>\n\n\n\n<p>A sess\u00e3o a que est\u00e3o prestes a assistir vai vos surpreender. Por favor desliguem os telem\u00f3veis, &nbsp;fa\u00e7am sil\u00eancio na sala e aproveitem esta proje\u00e7\u00e3o.<\/p>\n\n\n\n<p><\/p>\n\n\n\n<div class=\"wp-block-image\"><figure class=\"aligncenter size-full is-resized\"><img loading=\"lazy\" src=\"http:\/\/lesmotifs.blogcinemacentansdejeunesse.org\/blog\/wp-content\/uploads\/2021\/12\/Captura-de-ecra\u0303-2021-12-17-a\u0300s-11.30.25-co\u0301pia.png\" alt=\"\" class=\"wp-image-700\" width=\"585\" height=\"434\" srcset=\"http:\/\/lesmotifs.blogcinemacentansdejeunesse.org\/blog\/wp-content\/uploads\/2021\/12\/Captura-de-ecra\u0303-2021-12-17-a\u0300s-11.30.25-co\u0301pia.png 780w, http:\/\/lesmotifs.blogcinemacentansdejeunesse.org\/blog\/wp-content\/uploads\/2021\/12\/Captura-de-ecra\u0303-2021-12-17-a\u0300s-11.30.25-co\u0301pia-300x223.png 300w, http:\/\/lesmotifs.blogcinemacentansdejeunesse.org\/blog\/wp-content\/uploads\/2021\/12\/Captura-de-ecra\u0303-2021-12-17-a\u0300s-11.30.25-co\u0301pia-768x570.png 768w\" sizes=\"(max-width: 585px) 100vw, 585px\" \/><\/figure><\/div>\n\n\n\n<p>Dear viewers,<\/p>\n\n\n\n<p>We present to you The Film Group&rsquo;s premiere, a co-production between Cam\u00f5es and Filhos de Lumi\u00e8re Secondary School, directed by: Madalena, Carolina, Catarina, Gaspar, Mads, Francisca, Maria, Clara, Jo\u00e3o, Sim\u00e3o, In\u00eas, Vicente.<\/p>\n\n\n\n<p>The session you are about to attend will surprise you. Please turn off your cell phones, keep the room quiet and enjoy this projection.<\/p>\n","protected":false},"excerpt":{"rendered":"<p>Caros espectadores, Apresentamos-vos, em estreia, o grupo de cinema, uma co-produ\u00e7\u00e3o entre a Escola Secund\u00e1ria de Cam\u00f5es e Filhos de Lumi\u00e9re, realizado por: Madalena, Carolina, Catarina, Gaspar, Mads, Francisca, Maria, Clara, Jo\u00e3o, Sim\u00e3o, In\u00eas, Vicente. A sess\u00e3o a que est\u00e3o &hellip; <a href=\"http:\/\/lesmotifs.blogcinemacentansdejeunesse.org\/blog\/camoes\/apresentacao-do-grupo-da-escola-secundaria-de-camoes\/\">Continuer la lecture <span class=\"meta-nav\">&rarr;<\/span><\/a><\/p>\n","protected":false},"author":24,"featured_media":0,"comment_status":"open","ping_status":"open","sticky":false,"template":"","format":"standard","meta":[],"categories":[28],"tags":[],"_links":{"self":[{"href":"http:\/\/lesmotifs.blogcinemacentansdejeunesse.org\/blog\/wp-json\/wp\/v2\/posts\/699"}],"collection":[{"href":"http:\/\/lesmotifs.blogcinemacentansdejeunesse.org\/blog\/wp-json\/wp\/v2\/posts"}],"about":[{"href":"http:\/\/lesmotifs.blogcinemacentansdejeunesse.org\/blog\/wp-json\/wp\/v2\/types\/post"}],"author":[{"embeddable":true,"href":"http:\/\/lesmotifs.blogcinemacentansdejeunesse.org\/blog\/wp-json\/wp\/v2\/users\/24"}],"replies":[{"embeddable":true,"href":"http:\/\/lesmotifs.blogcinemacentansdejeunesse.org\/blog\/wp-json\/wp\/v2\/comments?post=699"}],"version-history":[{"count":3,"href":"http:\/\/lesmotifs.blogcinemacentansdejeunesse.org\/blog\/wp-json\/wp\/v2\/posts\/699\/revisions"}],"predecessor-version":[{"id":706,"href":"http:\/\/lesmotifs.blogcinemacentansdejeunesse.org\/blog\/wp-json\/wp\/v2\/posts\/699\/revisions\/706"}],"wp:attachment":[{"href":"http:\/\/lesmotifs.blogcinemacentansdejeunesse.org\/blog\/wp-json\/wp\/v2\/media?parent=699"}],"wp:term":[{"taxonomy":"category","embeddable":true,"href":"http:\/\/lesmotifs.blogcinemacentansdejeunesse.org\/blog\/wp-json\/wp\/v2\/categories?post=699"},{"taxonomy":"post_tag","embeddable":true,"href":"http:\/\/lesmotifs.blogcinemacentansdejeunesse.org\/blog\/wp-json\/wp\/v2\/tags?post=699"}],"curies":[{"name":"wp","href":"https:\/\/api.w.org\/{rel}","templated":true}]}}