{"id":686,"date":"2021-12-16T09:16:02","date_gmt":"2021-12-16T09:16:02","guid":{"rendered":"http:\/\/lesmotifs.blogcinemacentansdejeunesse.org\/blog\/?p=686"},"modified":"2022-01-17T14:24:48","modified_gmt":"2022-01-17T14:24:48","slug":"exercice-1-le-ballon-et-le-feutre","status":"publish","type":"post","link":"http:\/\/lesmotifs.blogcinemacentansdejeunesse.org\/blog\/paulklee\/exercice-1-le-ballon-et-le-feutre\/","title":{"rendered":"Exercice 1: le ballon et le feutre."},"content":{"rendered":"\n<p>Article \u00e9crit par Andr\u00e9 et Erwan <\/p>\n\n\n\n<p>Nous avons tourn\u00e9 des vues, pour Andr\u00e9 c&rsquo;\u00e9tait le ballon et pour Erwan le feutre. Pour Andr\u00e9 son but \u00e9tait de montrer que le football est sa passion. Pour Erwan c&rsquo;\u00e9tait  de montrer l&rsquo;utilit\u00e9 du feutre.<\/p>\n\n\n\n<p>Constat des vid\u00e9os<\/p>\n\n\n\n<p>Les plans tourn\u00e9s par Andr\u00e9 ont plu \u00e0 la classe sauf le premier car  la balle \u00e9tait le sujet et non le motif mais la dur\u00e9e de la vid\u00e9o \u00e9tait respect\u00e9e (1 min 11).<\/p>\n\n\n\n<figure class=\"wp-block-image size-full\"><img loading=\"lazy\" width=\"357\" height=\"601\" src=\"http:\/\/lesmotifs.blogcinemacentansdejeunesse.org\/blog\/wp-content\/uploads\/2021\/12\/Andre_1.png\" alt=\"\" class=\"wp-image-691\" srcset=\"http:\/\/lesmotifs.blogcinemacentansdejeunesse.org\/blog\/wp-content\/uploads\/2021\/12\/Andre_1.png 357w, http:\/\/lesmotifs.blogcinemacentansdejeunesse.org\/blog\/wp-content\/uploads\/2021\/12\/Andre_1-178x300.png 178w\" sizes=\"(max-width: 357px) 100vw, 357px\" \/><\/figure>\n\n\n\n<p>La vid\u00e9o d&rsquo;Erwan \u00e9tait trop courte, mais la lumi\u00e8re faisait ressortir le feutre.<\/p>\n\n\n\n<figure class=\"wp-block-image\"><img alt=\"\" \/><\/figure>\n","protected":false},"excerpt":{"rendered":"<p>Article \u00e9crit par Andr\u00e9 et Erwan Nous avons tourn\u00e9 des vues, pour Andr\u00e9 c&rsquo;\u00e9tait le ballon et pour Erwan le feutre. Pour Andr\u00e9 son but \u00e9tait de montrer que le football est sa passion. Pour Erwan c&rsquo;\u00e9tait de montrer l&rsquo;utilit\u00e9 &hellip; <a href=\"http:\/\/lesmotifs.blogcinemacentansdejeunesse.org\/blog\/paulklee\/exercice-1-le-ballon-et-le-feutre\/\">Continuer la lecture <span class=\"meta-nav\">&rarr;<\/span><\/a><\/p>\n","protected":false},"author":6,"featured_media":0,"comment_status":"open","ping_status":"open","sticky":false,"template":"","format":"standard","meta":[],"categories":[24,31],"tags":[],"_links":{"self":[{"href":"http:\/\/lesmotifs.blogcinemacentansdejeunesse.org\/blog\/wp-json\/wp\/v2\/posts\/686"}],"collection":[{"href":"http:\/\/lesmotifs.blogcinemacentansdejeunesse.org\/blog\/wp-json\/wp\/v2\/posts"}],"about":[{"href":"http:\/\/lesmotifs.blogcinemacentansdejeunesse.org\/blog\/wp-json\/wp\/v2\/types\/post"}],"author":[{"embeddable":true,"href":"http:\/\/lesmotifs.blogcinemacentansdejeunesse.org\/blog\/wp-json\/wp\/v2\/users\/6"}],"replies":[{"embeddable":true,"href":"http:\/\/lesmotifs.blogcinemacentansdejeunesse.org\/blog\/wp-json\/wp\/v2\/comments?post=686"}],"version-history":[{"count":2,"href":"http:\/\/lesmotifs.blogcinemacentansdejeunesse.org\/blog\/wp-json\/wp\/v2\/posts\/686\/revisions"}],"predecessor-version":[{"id":1005,"href":"http:\/\/lesmotifs.blogcinemacentansdejeunesse.org\/blog\/wp-json\/wp\/v2\/posts\/686\/revisions\/1005"}],"wp:attachment":[{"href":"http:\/\/lesmotifs.blogcinemacentansdejeunesse.org\/blog\/wp-json\/wp\/v2\/media?parent=686"}],"wp:term":[{"taxonomy":"category","embeddable":true,"href":"http:\/\/lesmotifs.blogcinemacentansdejeunesse.org\/blog\/wp-json\/wp\/v2\/categories?post=686"},{"taxonomy":"post_tag","embeddable":true,"href":"http:\/\/lesmotifs.blogcinemacentansdejeunesse.org\/blog\/wp-json\/wp\/v2\/tags?post=686"}],"curies":[{"name":"wp","href":"https:\/\/api.w.org\/{rel}","templated":true}]}}