{"id":353,"date":"2021-12-06T12:05:00","date_gmt":"2021-12-06T12:05:00","guid":{"rendered":"http:\/\/lesmotifs.blogcinemacentansdejeunesse.org\/blog\/?p=353"},"modified":"2021-12-07T17:23:31","modified_gmt":"2021-12-07T17:23:31","slug":"presentation-de-la-classe-de-2nde-7-au-lycee-champollion","status":"publish","type":"post","link":"http:\/\/lesmotifs.blogcinemacentansdejeunesse.org\/blog\/champollion\/presentation-de-la-classe-de-2nde-7-au-lycee-champollion\/","title":{"rendered":"Pr\u00e9sentation de la classe de 2nde 7 au lyc\u00e9e Champollion"},"content":{"rendered":"\n<p>Nous voici engag\u00e9s dans le projet cin\u00e9ma autour de la question du \u00ab\u00a0<strong>MOTIF<\/strong> <strong>AU CINEMA<\/strong>\u00a0\u00bb ! Voici quelques images  pour nous pr\u00e9senter dans notre \u00e9tablissement. Nous sommes dans un lyc\u00e9e en plein centre de Grenoble avec de multiples cours int\u00e9rieures. <\/p>\n\n\n\n<div class=\"wp-block-columns\">\n<div class=\"wp-block-column\" style=\"flex-basis:100%\">\n<div class=\"wp-block-group\"><div class=\"wp-block-group__inner-container\">\n<div class=\"wp-block-columns\">\n<div class=\"wp-block-column\" style=\"flex-basis:100%\">\n<div class=\"wp-block-group\"><div class=\"wp-block-group__inner-container\">\n<div class=\"wp-block-columns\">\n<div class=\"wp-block-column has-black-color has-text-color\">\n<figure class=\"wp-block-gallery columns-2 is-cropped\"><ul class=\"blocks-gallery-grid\"><li class=\"blocks-gallery-item\"><figure><img loading=\"lazy\" width=\"768\" height=\"1024\" src=\"http:\/\/lesmotifs.blogcinemacentansdejeunesse.org\/blog\/wp-content\/uploads\/2021\/12\/Nina-Elisa-roxane-1-768x1024.jpg\" alt=\"\" data-id=\"489\" data-full-url=\"http:\/\/lesmotifs.blogcinemacentansdejeunesse.org\/blog\/wp-content\/uploads\/2021\/12\/Nina-Elisa-roxane-1.jpg\" data-link=\"http:\/\/lesmotifs.blogcinemacentansdejeunesse.org\/blog\/?attachment_id=489\" class=\"wp-image-489\" srcset=\"http:\/\/lesmotifs.blogcinemacentansdejeunesse.org\/blog\/wp-content\/uploads\/2021\/12\/Nina-Elisa-roxane-1-768x1024.jpg 768w, http:\/\/lesmotifs.blogcinemacentansdejeunesse.org\/blog\/wp-content\/uploads\/2021\/12\/Nina-Elisa-roxane-1-225x300.jpg 225w, http:\/\/lesmotifs.blogcinemacentansdejeunesse.org\/blog\/wp-content\/uploads\/2021\/12\/Nina-Elisa-roxane-1-1152x1536.jpg 1152w, http:\/\/lesmotifs.blogcinemacentansdejeunesse.org\/blog\/wp-content\/uploads\/2021\/12\/Nina-Elisa-roxane-1.jpg 1512w\" sizes=\"(max-width: 768px) 100vw, 768px\" \/><\/figure><\/li><li class=\"blocks-gallery-item\"><figure><img loading=\"lazy\" width=\"768\" height=\"1024\" src=\"http:\/\/lesmotifs.blogcinemacentansdejeunesse.org\/blog\/wp-content\/uploads\/2021\/11\/pauline-Zoe\u0301-Elise-1-768x1024.jpg\" alt=\"\" data-id=\"389\" data-full-url=\"http:\/\/lesmotifs.blogcinemacentansdejeunesse.org\/blog\/wp-content\/uploads\/2021\/11\/pauline-Zoe\u0301-Elise-1.jpg\" data-link=\"http:\/\/lesmotifs.blogcinemacentansdejeunesse.org\/blog\/?attachment_id=389\" class=\"wp-image-389\" srcset=\"http:\/\/lesmotifs.blogcinemacentansdejeunesse.org\/blog\/wp-content\/uploads\/2021\/11\/pauline-Zoe\u0301-Elise-1-768x1024.jpg 768w, http:\/\/lesmotifs.blogcinemacentansdejeunesse.org\/blog\/wp-content\/uploads\/2021\/11\/pauline-Zoe\u0301-Elise-1-225x300.jpg 225w, http:\/\/lesmotifs.blogcinemacentansdejeunesse.org\/blog\/wp-content\/uploads\/2021\/11\/pauline-Zoe\u0301-Elise-1-1152x1536.jpg 1152w, http:\/\/lesmotifs.blogcinemacentansdejeunesse.org\/blog\/wp-content\/uploads\/2021\/11\/pauline-Zoe\u0301-Elise-1.jpg 1200w\" sizes=\"(max-width: 768px) 100vw, 768px\" \/><\/figure><\/li><\/ul><figcaption class=\"blocks-gallery-caption\"><strong>Nina, Elisa et Roxane                             Pauline, Zo\u00e9 et Elise<\/strong><\/figcaption><\/figure>\n<\/div>\n<\/div>\n<\/div><\/div>\n<\/div>\n<\/div>\n<\/div><\/div>\n<\/div>\n<\/div>\n\n\n\n<div class=\"wp-block-group\"><div class=\"wp-block-group__inner-container\">\n<figure class=\"wp-block-image size-large is-resized is-style-rounded\"><img loading=\"lazy\" src=\"http:\/\/lesmotifs.blogcinemacentansdejeunesse.org\/blog\/wp-content\/uploads\/2021\/12\/Grpe-1024x768.jpeg\" alt=\"\" class=\"wp-image-487\" width=\"657\" height=\"493\" srcset=\"http:\/\/lesmotifs.blogcinemacentansdejeunesse.org\/blog\/wp-content\/uploads\/2021\/12\/Grpe-1024x768.jpeg 1024w, http:\/\/lesmotifs.blogcinemacentansdejeunesse.org\/blog\/wp-content\/uploads\/2021\/12\/Grpe-300x225.jpeg 300w, http:\/\/lesmotifs.blogcinemacentansdejeunesse.org\/blog\/wp-content\/uploads\/2021\/12\/Grpe-768x576.jpeg 768w, http:\/\/lesmotifs.blogcinemacentansdejeunesse.org\/blog\/wp-content\/uploads\/2021\/12\/Grpe-1536x1152.jpeg 1536w, http:\/\/lesmotifs.blogcinemacentansdejeunesse.org\/blog\/wp-content\/uploads\/2021\/12\/Grpe.jpeg 2016w\" sizes=\"(max-width: 657px) 100vw, 657px\" \/><figcaption><strong>Daya, Ma\u00efa, L\u00e9a, Tana\u00efs, Lalie mais aussi Basil, Thomas, Milo et Anton<\/strong><\/figcaption><\/figure>\n\n\n\n<p><\/p>\n\n\n\n<figure class=\"wp-block-gallery columns-2 is-cropped\"><ul class=\"blocks-gallery-grid\"><li class=\"blocks-gallery-item\"><figure><img loading=\"lazy\" width=\"1024\" height=\"768\" src=\"http:\/\/lesmotifs.blogcinemacentansdejeunesse.org\/blog\/wp-content\/uploads\/2021\/11\/Lena-Lydie-1.jpg\" alt=\"\" data-id=\"396\" data-full-url=\"http:\/\/lesmotifs.blogcinemacentansdejeunesse.org\/blog\/wp-content\/uploads\/2021\/11\/Lena-Lydie-1.jpg\" data-link=\"http:\/\/lesmotifs.blogcinemacentansdejeunesse.org\/blog\/?attachment_id=396\" class=\"wp-image-396\" srcset=\"http:\/\/lesmotifs.blogcinemacentansdejeunesse.org\/blog\/wp-content\/uploads\/2021\/11\/Lena-Lydie-1.jpg 1024w, http:\/\/lesmotifs.blogcinemacentansdejeunesse.org\/blog\/wp-content\/uploads\/2021\/11\/Lena-Lydie-1-300x225.jpg 300w, http:\/\/lesmotifs.blogcinemacentansdejeunesse.org\/blog\/wp-content\/uploads\/2021\/11\/Lena-Lydie-1-768x576.jpg 768w\" sizes=\"(max-width: 1024px) 100vw, 1024px\" \/><\/figure><\/li><li class=\"blocks-gallery-item\"><figure><img loading=\"lazy\" width=\"1024\" height=\"768\" src=\"http:\/\/lesmotifs.blogcinemacentansdejeunesse.org\/blog\/wp-content\/uploads\/2021\/11\/ce\u0301cile-artesa-2-1024x768.jpg\" alt=\"\" data-id=\"397\" data-full-url=\"http:\/\/lesmotifs.blogcinemacentansdejeunesse.org\/blog\/wp-content\/uploads\/2021\/11\/ce\u0301cile-artesa-2.jpg\" data-link=\"http:\/\/lesmotifs.blogcinemacentansdejeunesse.org\/blog\/?attachment_id=397\" class=\"wp-image-397\" srcset=\"http:\/\/lesmotifs.blogcinemacentansdejeunesse.org\/blog\/wp-content\/uploads\/2021\/11\/ce\u0301cile-artesa-2-1024x768.jpg 1024w, http:\/\/lesmotifs.blogcinemacentansdejeunesse.org\/blog\/wp-content\/uploads\/2021\/11\/ce\u0301cile-artesa-2-300x225.jpg 300w, http:\/\/lesmotifs.blogcinemacentansdejeunesse.org\/blog\/wp-content\/uploads\/2021\/11\/ce\u0301cile-artesa-2-768x576.jpg 768w, http:\/\/lesmotifs.blogcinemacentansdejeunesse.org\/blog\/wp-content\/uploads\/2021\/11\/ce\u0301cile-artesa-2-1536x1152.jpg 1536w, http:\/\/lesmotifs.blogcinemacentansdejeunesse.org\/blog\/wp-content\/uploads\/2021\/11\/ce\u0301cile-artesa-2.jpg 1544w\" sizes=\"(max-width: 1024px) 100vw, 1024px\" \/><\/figure><\/li><\/ul><figcaption class=\"blocks-gallery-caption\"><strong>Lydie et L\u00e9na           C\u00e9cile et Artesa<\/strong><\/figcaption><\/figure>\n\n\n\n<div class=\"wp-block-columns\">\n<div class=\"wp-block-column\" style=\"flex-basis:100%\">\n<p><\/p>\n<\/div>\n<\/div>\n\n\n\n<figure class=\"wp-block-gallery columns-2 is-cropped\"><ul class=\"blocks-gallery-grid\"><li class=\"blocks-gallery-item\"><figure><img loading=\"lazy\" width=\"1024\" height=\"575\" src=\"http:\/\/lesmotifs.blogcinemacentansdejeunesse.org\/blog\/wp-content\/uploads\/2021\/11\/Alice-1-1-1024x575.jpg\" alt=\"\" data-id=\"393\" data-full-url=\"http:\/\/lesmotifs.blogcinemacentansdejeunesse.org\/blog\/wp-content\/uploads\/2021\/11\/Alice-1-1.jpg\" data-link=\"http:\/\/lesmotifs.blogcinemacentansdejeunesse.org\/blog\/?attachment_id=393\" class=\"wp-image-393\" srcset=\"http:\/\/lesmotifs.blogcinemacentansdejeunesse.org\/blog\/wp-content\/uploads\/2021\/11\/Alice-1-1-1024x575.jpg 1024w, http:\/\/lesmotifs.blogcinemacentansdejeunesse.org\/blog\/wp-content\/uploads\/2021\/11\/Alice-1-1-300x168.jpg 300w, http:\/\/lesmotifs.blogcinemacentansdejeunesse.org\/blog\/wp-content\/uploads\/2021\/11\/Alice-1-1-768x431.jpg 768w, http:\/\/lesmotifs.blogcinemacentansdejeunesse.org\/blog\/wp-content\/uploads\/2021\/11\/Alice-1-1.jpg 1080w\" sizes=\"(max-width: 1024px) 100vw, 1024px\" \/><\/figure><\/li><li class=\"blocks-gallery-item\"><figure><img loading=\"lazy\" width=\"1024\" height=\"768\" src=\"http:\/\/lesmotifs.blogcinemacentansdejeunesse.org\/blog\/wp-content\/uploads\/2021\/11\/Alice-2-1-1024x768.jpg\" alt=\"\" data-id=\"392\" data-full-url=\"http:\/\/lesmotifs.blogcinemacentansdejeunesse.org\/blog\/wp-content\/uploads\/2021\/11\/Alice-2-1-scaled.jpg\" data-link=\"http:\/\/lesmotifs.blogcinemacentansdejeunesse.org\/blog\/?attachment_id=392\" class=\"wp-image-392\" srcset=\"http:\/\/lesmotifs.blogcinemacentansdejeunesse.org\/blog\/wp-content\/uploads\/2021\/11\/Alice-2-1-1024x768.jpg 1024w, http:\/\/lesmotifs.blogcinemacentansdejeunesse.org\/blog\/wp-content\/uploads\/2021\/11\/Alice-2-1-300x225.jpg 300w, http:\/\/lesmotifs.blogcinemacentansdejeunesse.org\/blog\/wp-content\/uploads\/2021\/11\/Alice-2-1-768x576.jpg 768w, http:\/\/lesmotifs.blogcinemacentansdejeunesse.org\/blog\/wp-content\/uploads\/2021\/11\/Alice-2-1-1536x1152.jpg 1536w, http:\/\/lesmotifs.blogcinemacentansdejeunesse.org\/blog\/wp-content\/uploads\/2021\/11\/Alice-2-1-2048x1536.jpg 2048w\" sizes=\"(max-width: 1024px) 100vw, 1024px\" \/><\/figure><\/li><\/ul><figcaption class=\"blocks-gallery-caption\"><strong>Alice<\/strong><br><\/figcaption><\/figure>\n\n\n\n<figure class=\"wp-block-gallery columns-2 is-cropped\"><ul class=\"blocks-gallery-grid\"><li class=\"blocks-gallery-item\"><figure><img loading=\"lazy\" width=\"1024\" height=\"768\" src=\"http:\/\/lesmotifs.blogcinemacentansdejeunesse.org\/blog\/wp-content\/uploads\/2021\/11\/Arnaud-1-1024x768.jpg\" alt=\"\" data-id=\"401\" data-full-url=\"http:\/\/lesmotifs.blogcinemacentansdejeunesse.org\/blog\/wp-content\/uploads\/2021\/11\/Arnaud-1.jpg\" data-link=\"http:\/\/lesmotifs.blogcinemacentansdejeunesse.org\/blog\/?attachment_id=401\" class=\"wp-image-401\" srcset=\"http:\/\/lesmotifs.blogcinemacentansdejeunesse.org\/blog\/wp-content\/uploads\/2021\/11\/Arnaud-1-1024x768.jpg 1024w, http:\/\/lesmotifs.blogcinemacentansdejeunesse.org\/blog\/wp-content\/uploads\/2021\/11\/Arnaud-1-300x225.jpg 300w, http:\/\/lesmotifs.blogcinemacentansdejeunesse.org\/blog\/wp-content\/uploads\/2021\/11\/Arnaud-1-768x576.jpg 768w, http:\/\/lesmotifs.blogcinemacentansdejeunesse.org\/blog\/wp-content\/uploads\/2021\/11\/Arnaud-1-1536x1152.jpg 1536w, http:\/\/lesmotifs.blogcinemacentansdejeunesse.org\/blog\/wp-content\/uploads\/2021\/11\/Arnaud-1-2048x1536.jpg 2048w\" sizes=\"(max-width: 1024px) 100vw, 1024px\" \/><\/figure><\/li><li class=\"blocks-gallery-item\"><figure><img loading=\"lazy\" width=\"768\" height=\"1024\" src=\"http:\/\/lesmotifs.blogcinemacentansdejeunesse.org\/blog\/wp-content\/uploads\/2021\/11\/Mathieus-Charles-1-768x1024.jpg\" alt=\"\" data-id=\"394\" data-full-url=\"http:\/\/lesmotifs.blogcinemacentansdejeunesse.org\/blog\/wp-content\/uploads\/2021\/11\/Mathieus-Charles-1-rotated.jpg\" data-link=\"http:\/\/lesmotifs.blogcinemacentansdejeunesse.org\/blog\/?attachment_id=394\" class=\"wp-image-394\" srcset=\"http:\/\/lesmotifs.blogcinemacentansdejeunesse.org\/blog\/wp-content\/uploads\/2021\/11\/Mathieus-Charles-1-768x1024.jpg 768w, http:\/\/lesmotifs.blogcinemacentansdejeunesse.org\/blog\/wp-content\/uploads\/2021\/11\/Mathieus-Charles-1-225x300.jpg 225w, http:\/\/lesmotifs.blogcinemacentansdejeunesse.org\/blog\/wp-content\/uploads\/2021\/11\/Mathieus-Charles-1-1152x1536.jpg 1152w, http:\/\/lesmotifs.blogcinemacentansdejeunesse.org\/blog\/wp-content\/uploads\/2021\/11\/Mathieus-Charles-1-rotated.jpg 1512w\" sizes=\"(max-width: 768px) 100vw, 768px\" \/><\/figure><\/li><\/ul><figcaption class=\"blocks-gallery-caption\"><strong>Arnaud         Charles   Mathieu et Mathieu<\/strong><\/figcaption><\/figure>\n\n\n\n<figure class=\"wp-block-gallery columns-2 is-cropped\"><ul class=\"blocks-gallery-grid\"><li class=\"blocks-gallery-item\"><figure><img loading=\"lazy\" width=\"576\" height=\"1024\" src=\"http:\/\/lesmotifs.blogcinemacentansdejeunesse.org\/blog\/wp-content\/uploads\/2021\/12\/Sara-et-me\u0301lissa-576x1024.jpg\" alt=\"\" data-id=\"490\" data-full-url=\"http:\/\/lesmotifs.blogcinemacentansdejeunesse.org\/blog\/wp-content\/uploads\/2021\/12\/Sara-et-me\u0301lissa.jpg\" data-link=\"http:\/\/lesmotifs.blogcinemacentansdejeunesse.org\/blog\/?attachment_id=490\" class=\"wp-image-490\" srcset=\"http:\/\/lesmotifs.blogcinemacentansdejeunesse.org\/blog\/wp-content\/uploads\/2021\/12\/Sara-et-me\u0301lissa-576x1024.jpg 576w, http:\/\/lesmotifs.blogcinemacentansdejeunesse.org\/blog\/wp-content\/uploads\/2021\/12\/Sara-et-me\u0301lissa-169x300.jpg 169w, http:\/\/lesmotifs.blogcinemacentansdejeunesse.org\/blog\/wp-content\/uploads\/2021\/12\/Sara-et-me\u0301lissa-768x1365.jpg 768w, http:\/\/lesmotifs.blogcinemacentansdejeunesse.org\/blog\/wp-content\/uploads\/2021\/12\/Sara-et-me\u0301lissa-864x1536.jpg 864w, http:\/\/lesmotifs.blogcinemacentansdejeunesse.org\/blog\/wp-content\/uploads\/2021\/12\/Sara-et-me\u0301lissa.jpg 1080w\" sizes=\"(max-width: 576px) 100vw, 576px\" \/><\/figure><\/li><li class=\"blocks-gallery-item\"><figure><img loading=\"lazy\" width=\"768\" height=\"1024\" src=\"http:\/\/lesmotifs.blogcinemacentansdejeunesse.org\/blog\/wp-content\/uploads\/2021\/11\/Solenne-Jeanne-768x1024.jpeg\" alt=\"\" data-id=\"383\" data-full-url=\"http:\/\/lesmotifs.blogcinemacentansdejeunesse.org\/blog\/wp-content\/uploads\/2021\/11\/Solenne-Jeanne-scaled.jpeg\" data-link=\"http:\/\/lesmotifs.blogcinemacentansdejeunesse.org\/blog\/solenne-jeanne\/\" class=\"wp-image-383\" srcset=\"http:\/\/lesmotifs.blogcinemacentansdejeunesse.org\/blog\/wp-content\/uploads\/2021\/11\/Solenne-Jeanne-768x1024.jpeg 768w, http:\/\/lesmotifs.blogcinemacentansdejeunesse.org\/blog\/wp-content\/uploads\/2021\/11\/Solenne-Jeanne-225x300.jpeg 225w, http:\/\/lesmotifs.blogcinemacentansdejeunesse.org\/blog\/wp-content\/uploads\/2021\/11\/Solenne-Jeanne-1152x1536.jpeg 1152w, http:\/\/lesmotifs.blogcinemacentansdejeunesse.org\/blog\/wp-content\/uploads\/2021\/11\/Solenne-Jeanne-1536x2048.jpeg 1536w, http:\/\/lesmotifs.blogcinemacentansdejeunesse.org\/blog\/wp-content\/uploads\/2021\/11\/Solenne-Jeanne-scaled.jpeg 1920w\" sizes=\"(max-width: 768px) 100vw, 768px\" \/><figcaption class=\"blocks-gallery-item__caption\"><strong><span class=\"has-inline-color has-white-color\">Jeanne et Solenne<\/span><\/strong><\/figcaption><\/figure><\/li><\/ul><\/figure>\n\n\n\n<p><\/p>\n<\/div><\/div>\n\n\n\n<div class=\"wp-block-group alignwide\"><div class=\"wp-block-group__inner-container\">\n<div class=\"wp-block-group\"><div class=\"wp-block-group__inner-container\">\n<div class=\"wp-block-columns\">\n<div class=\"wp-block-column\" style=\"flex-basis:100%\">\n<figure class=\"wp-block-gallery aligncenter columns-2 is-cropped\"><ul class=\"blocks-gallery-grid\"><li class=\"blocks-gallery-item\"><figure><img loading=\"lazy\" width=\"1024\" height=\"768\" src=\"http:\/\/lesmotifs.blogcinemacentansdejeunesse.org\/blog\/wp-content\/uploads\/2021\/11\/swann-1-1024x768.jpg\" alt=\"\" data-id=\"391\" data-full-url=\"http:\/\/lesmotifs.blogcinemacentansdejeunesse.org\/blog\/wp-content\/uploads\/2021\/11\/swann-1-scaled.jpg\" data-link=\"http:\/\/lesmotifs.blogcinemacentansdejeunesse.org\/blog\/?attachment_id=391\" class=\"wp-image-391\" srcset=\"http:\/\/lesmotifs.blogcinemacentansdejeunesse.org\/blog\/wp-content\/uploads\/2021\/11\/swann-1-1024x768.jpg 1024w, http:\/\/lesmotifs.blogcinemacentansdejeunesse.org\/blog\/wp-content\/uploads\/2021\/11\/swann-1-300x225.jpg 300w, http:\/\/lesmotifs.blogcinemacentansdejeunesse.org\/blog\/wp-content\/uploads\/2021\/11\/swann-1-768x576.jpg 768w, http:\/\/lesmotifs.blogcinemacentansdejeunesse.org\/blog\/wp-content\/uploads\/2021\/11\/swann-1-1536x1152.jpg 1536w, http:\/\/lesmotifs.blogcinemacentansdejeunesse.org\/blog\/wp-content\/uploads\/2021\/11\/swann-1-2048x1536.jpg 2048w\" sizes=\"(max-width: 1024px) 100vw, 1024px\" \/><\/figure><\/li><li class=\"blocks-gallery-item\"><figure><img loading=\"lazy\" width=\"768\" height=\"1024\" src=\"http:\/\/lesmotifs.blogcinemacentansdejeunesse.org\/blog\/wp-content\/uploads\/2021\/11\/Swaan-Merveille-yassine-1-768x1024.jpg\" alt=\"\" data-id=\"390\" data-full-url=\"http:\/\/lesmotifs.blogcinemacentansdejeunesse.org\/blog\/wp-content\/uploads\/2021\/11\/Swaan-Merveille-yassine-1-scaled.jpg\" data-link=\"http:\/\/lesmotifs.blogcinemacentansdejeunesse.org\/blog\/?attachment_id=390\" class=\"wp-image-390\" srcset=\"http:\/\/lesmotifs.blogcinemacentansdejeunesse.org\/blog\/wp-content\/uploads\/2021\/11\/Swaan-Merveille-yassine-1-768x1024.jpg 768w, http:\/\/lesmotifs.blogcinemacentansdejeunesse.org\/blog\/wp-content\/uploads\/2021\/11\/Swaan-Merveille-yassine-1-225x300.jpg 225w, http:\/\/lesmotifs.blogcinemacentansdejeunesse.org\/blog\/wp-content\/uploads\/2021\/11\/Swaan-Merveille-yassine-1-1152x1536.jpg 1152w, http:\/\/lesmotifs.blogcinemacentansdejeunesse.org\/blog\/wp-content\/uploads\/2021\/11\/Swaan-Merveille-yassine-1-1536x2048.jpg 1536w, http:\/\/lesmotifs.blogcinemacentansdejeunesse.org\/blog\/wp-content\/uploads\/2021\/11\/Swaan-Merveille-yassine-1-scaled.jpg 1920w\" sizes=\"(max-width: 768px) 100vw, 768px\" \/><\/figure><\/li><\/ul><figcaption class=\"blocks-gallery-caption\"><strong>Yassine, Merveille et Swann<\/strong><\/figcaption><\/figure>\n<\/div>\n<\/div>\n<\/div><\/div>\n<\/div><\/div>\n\n\n\n<div class=\"wp-block-group\"><div class=\"wp-block-group__inner-container\">\n<figure class=\"wp-block-gallery columns-2 is-cropped\"><ul class=\"blocks-gallery-grid\"><li class=\"blocks-gallery-item\"><figure><img loading=\"lazy\" width=\"602\" height=\"1024\" src=\"http:\/\/lesmotifs.blogcinemacentansdejeunesse.org\/blog\/wp-content\/uploads\/2021\/12\/Micheele-602x1024.jpg\" alt=\"\" data-id=\"491\" data-full-url=\"http:\/\/lesmotifs.blogcinemacentansdejeunesse.org\/blog\/wp-content\/uploads\/2021\/12\/Micheele.jpg\" data-link=\"http:\/\/lesmotifs.blogcinemacentansdejeunesse.org\/blog\/?attachment_id=491\" class=\"wp-image-491\" srcset=\"http:\/\/lesmotifs.blogcinemacentansdejeunesse.org\/blog\/wp-content\/uploads\/2021\/12\/Micheele-602x1024.jpg 602w, http:\/\/lesmotifs.blogcinemacentansdejeunesse.org\/blog\/wp-content\/uploads\/2021\/12\/Micheele-176x300.jpg 176w, http:\/\/lesmotifs.blogcinemacentansdejeunesse.org\/blog\/wp-content\/uploads\/2021\/12\/Micheele-768x1306.jpg 768w, http:\/\/lesmotifs.blogcinemacentansdejeunesse.org\/blog\/wp-content\/uploads\/2021\/12\/Micheele-903x1536.jpg 903w, http:\/\/lesmotifs.blogcinemacentansdejeunesse.org\/blog\/wp-content\/uploads\/2021\/12\/Micheele.jpg 1080w\" sizes=\"(max-width: 602px) 100vw, 602px\" \/><\/figure><\/li><li class=\"blocks-gallery-item\"><figure><img loading=\"lazy\" width=\"768\" height=\"1024\" src=\"http:\/\/lesmotifs.blogcinemacentansdejeunesse.org\/blog\/wp-content\/uploads\/2021\/11\/fabio-gauthier-768x1024.jpg\" alt=\"\" data-id=\"378\" data-full-url=\"http:\/\/lesmotifs.blogcinemacentansdejeunesse.org\/blog\/wp-content\/uploads\/2021\/11\/fabio-gauthier-scaled.jpg\" data-link=\"http:\/\/lesmotifs.blogcinemacentansdejeunesse.org\/blog\/fabio-gauthier\/\" class=\"wp-image-378\" srcset=\"http:\/\/lesmotifs.blogcinemacentansdejeunesse.org\/blog\/wp-content\/uploads\/2021\/11\/fabio-gauthier-768x1024.jpg 768w, http:\/\/lesmotifs.blogcinemacentansdejeunesse.org\/blog\/wp-content\/uploads\/2021\/11\/fabio-gauthier-225x300.jpg 225w, http:\/\/lesmotifs.blogcinemacentansdejeunesse.org\/blog\/wp-content\/uploads\/2021\/11\/fabio-gauthier-1152x1536.jpg 1152w, http:\/\/lesmotifs.blogcinemacentansdejeunesse.org\/blog\/wp-content\/uploads\/2021\/11\/fabio-gauthier-1536x2048.jpg 1536w, http:\/\/lesmotifs.blogcinemacentansdejeunesse.org\/blog\/wp-content\/uploads\/2021\/11\/fabio-gauthier-scaled.jpg 1920w\" sizes=\"(max-width: 768px) 100vw, 768px\" \/><\/figure><\/li><\/ul><figcaption class=\"blocks-gallery-caption\"><strong>Mich\u00e8le            Gauthier et Fabio<\/strong><\/figcaption><\/figure>\n<\/div><\/div>\n\n\n\n<div class=\"wp-block-group alignwide\"><div class=\"wp-block-group__inner-container\">\n<div class=\"wp-block-group\"><div class=\"wp-block-group__inner-container\">\n<figure class=\"wp-block-gallery aligncenter columns-2 is-cropped\"><ul class=\"blocks-gallery-grid\"><li class=\"blocks-gallery-item\"><figure><img loading=\"lazy\" width=\"541\" height=\"1024\" src=\"http:\/\/lesmotifs.blogcinemacentansdejeunesse.org\/blog\/wp-content\/uploads\/2021\/11\/Ahmad-photo-2-541x1024.jpg\" alt=\"\" data-id=\"399\" data-full-url=\"http:\/\/lesmotifs.blogcinemacentansdejeunesse.org\/blog\/wp-content\/uploads\/2021\/11\/Ahmad-photo-2-scaled.jpg\" data-link=\"http:\/\/lesmotifs.blogcinemacentansdejeunesse.org\/blog\/?attachment_id=399\" class=\"wp-image-399\" srcset=\"http:\/\/lesmotifs.blogcinemacentansdejeunesse.org\/blog\/wp-content\/uploads\/2021\/11\/Ahmad-photo-2-541x1024.jpg 541w, http:\/\/lesmotifs.blogcinemacentansdejeunesse.org\/blog\/wp-content\/uploads\/2021\/11\/Ahmad-photo-2-158x300.jpg 158w, http:\/\/lesmotifs.blogcinemacentansdejeunesse.org\/blog\/wp-content\/uploads\/2021\/11\/Ahmad-photo-2-768x1454.jpg 768w, http:\/\/lesmotifs.blogcinemacentansdejeunesse.org\/blog\/wp-content\/uploads\/2021\/11\/Ahmad-photo-2-811x1536.jpg 811w, http:\/\/lesmotifs.blogcinemacentansdejeunesse.org\/blog\/wp-content\/uploads\/2021\/11\/Ahmad-photo-2-1082x2048.jpg 1082w, http:\/\/lesmotifs.blogcinemacentansdejeunesse.org\/blog\/wp-content\/uploads\/2021\/11\/Ahmad-photo-2-scaled.jpg 1352w\" sizes=\"(max-width: 541px) 100vw, 541px\" \/><\/figure><\/li><li class=\"blocks-gallery-item\"><figure><img loading=\"lazy\" width=\"473\" height=\"1024\" src=\"http:\/\/lesmotifs.blogcinemacentansdejeunesse.org\/blog\/wp-content\/uploads\/2021\/12\/VICTOR-473x1024.jpg\" alt=\"\" data-id=\"486\" data-full-url=\"http:\/\/lesmotifs.blogcinemacentansdejeunesse.org\/blog\/wp-content\/uploads\/2021\/12\/VICTOR.jpg\" data-link=\"http:\/\/lesmotifs.blogcinemacentansdejeunesse.org\/blog\/victor\/\" class=\"wp-image-486\" srcset=\"http:\/\/lesmotifs.blogcinemacentansdejeunesse.org\/blog\/wp-content\/uploads\/2021\/12\/VICTOR-473x1024.jpg 473w, http:\/\/lesmotifs.blogcinemacentansdejeunesse.org\/blog\/wp-content\/uploads\/2021\/12\/VICTOR-139x300.jpg 139w, http:\/\/lesmotifs.blogcinemacentansdejeunesse.org\/blog\/wp-content\/uploads\/2021\/12\/VICTOR.jpg 529w\" sizes=\"(max-width: 473px) 100vw, 473px\" \/><\/figure><\/li><\/ul><figcaption class=\"blocks-gallery-caption\"><strong>Ahmad                                   <\/strong>                                                           <strong>Victor<\/strong><\/figcaption><\/figure>\n<\/div><\/div>\n<\/div><\/div>\n\n\n\n<p><\/p>\n","protected":false},"excerpt":{"rendered":"<p>Nous voici engag\u00e9s dans le projet cin\u00e9ma autour de la question du \u00ab\u00a0MOTIF AU CINEMA\u00a0\u00bb ! Voici quelques images pour nous pr\u00e9senter dans notre \u00e9tablissement. Nous sommes dans un lyc\u00e9e en plein centre de Grenoble avec de multiples cours int\u00e9rieures.<\/p>\n","protected":false},"author":15,"featured_media":0,"comment_status":"open","ping_status":"open","sticky":false,"template":"","format":"standard","meta":[],"categories":[28],"tags":[],"_links":{"self":[{"href":"http:\/\/lesmotifs.blogcinemacentansdejeunesse.org\/blog\/wp-json\/wp\/v2\/posts\/353"}],"collection":[{"href":"http:\/\/lesmotifs.blogcinemacentansdejeunesse.org\/blog\/wp-json\/wp\/v2\/posts"}],"about":[{"href":"http:\/\/lesmotifs.blogcinemacentansdejeunesse.org\/blog\/wp-json\/wp\/v2\/types\/post"}],"author":[{"embeddable":true,"href":"http:\/\/lesmotifs.blogcinemacentansdejeunesse.org\/blog\/wp-json\/wp\/v2\/users\/15"}],"replies":[{"embeddable":true,"href":"http:\/\/lesmotifs.blogcinemacentansdejeunesse.org\/blog\/wp-json\/wp\/v2\/comments?post=353"}],"version-history":[{"count":11,"href":"http:\/\/lesmotifs.blogcinemacentansdejeunesse.org\/blog\/wp-json\/wp\/v2\/posts\/353\/revisions"}],"predecessor-version":[{"id":514,"href":"http:\/\/lesmotifs.blogcinemacentansdejeunesse.org\/blog\/wp-json\/wp\/v2\/posts\/353\/revisions\/514"}],"wp:attachment":[{"href":"http:\/\/lesmotifs.blogcinemacentansdejeunesse.org\/blog\/wp-json\/wp\/v2\/media?parent=353"}],"wp:term":[{"taxonomy":"category","embeddable":true,"href":"http:\/\/lesmotifs.blogcinemacentansdejeunesse.org\/blog\/wp-json\/wp\/v2\/categories?post=353"},{"taxonomy":"post_tag","embeddable":true,"href":"http:\/\/lesmotifs.blogcinemacentansdejeunesse.org\/blog\/wp-json\/wp\/v2\/tags?post=353"}],"curies":[{"name":"wp","href":"https:\/\/api.w.org\/{rel}","templated":true}]}}