{"id":2866,"date":"2022-05-23T19:00:27","date_gmt":"2022-05-23T19:00:27","guid":{"rendered":"http:\/\/lesmotifs.blogcinemacentansdejeunesse.org\/blog\/?p=2866"},"modified":"2022-05-23T19:03:17","modified_gmt":"2022-05-23T19:03:17","slug":"exercicio-2","status":"publish","type":"post","link":"http:\/\/lesmotifs.blogcinemacentansdejeunesse.org\/blog\/carlitoscm2b\/exercicio-2\/","title":{"rendered":"Exerc\u00edcio 2"},"content":{"rendered":"\n<p>Ol\u00e1 boa tarde.<br>Fizemos o exerc\u00edcio 2, onde t\u00ednhamos que escolher um local, eleger um motivo nesse local para ser filmado. Combinamos de fazer o exerc\u00edcio dentro da escola e de que a classe escolheria o mesmo lugar, mas cada grupo encontraria o seu motivo. Aprendemos sobre cinema narrativo e experimental e cada grupo poderia escolher como queria filmar dentro dessas op\u00e7\u00f5es. Escolhemos o p\u00e1tio de brincadeiras e os grupos escolheram os gira-giras, a \u00e1rvore e a casinha de motivos nesse p\u00e1tio. O grupo dos gira-giras fez de maneira experimental, os outros foram mais narrativos. O grupo da casinha fez uma coisa legal que foi filmar o exerc\u00edcio do ponto de vista da casinha. E o grupo da arvore fez o exerc\u00edcio mais bonito em termos est\u00e9ticos na nossa opini\u00e3o.<\/p>\n\n\n\n<p>Bonjour,<br>Nous avons fait l&rsquo;exercice 2, o\u00f9 nous devions choisir un lieu, choisir une motif dans ce lieu pour \u00eatre film\u00e9. Nous avons convenu de faire l&rsquo;exercice \u00e0 l&rsquo;int\u00e9rieur de l&rsquo;\u00e9cole et que la classe choisirait le m\u00eame endroit, mais chaque groupe trouverait sa motif. Nous avons appris le cin\u00e9ma narratif et exp\u00e9rimental et chaque groupe pouvait choisir comment il voulait filmer dans ces options. Nous avons choisi la cour de r\u00e9cr\u00e9ation et les groupes ont choisi les  gira-giras , l&rsquo;arbre et la petite maison \u00e0 motifs dans cette cour. Le groupe gira-giras l&rsquo;a fait exp\u00e9rimentalement, les autres \u00e9taient plus narratifs. Le groupe de la petite maison a fait une chose sympa qui a \u00e9t\u00e9 de filmer l&rsquo;exercice du point de vue de la petite maison. Et le groupe des arbres a fait le plus bel exercice esth\u00e9tique selon nous.<\/p>\n\n\n\n<figure class=\"wp-block-gallery columns-3 is-cropped\"><ul class=\"blocks-gallery-grid\"><li class=\"blocks-gallery-item\"><figure><img src=\"http:\/\/lesmotifs.blogcinemacentansdejeunesse.org\/blog\/wp-content\/uploads\/2022\/05\/IMG_20211201_152633635-1.jpg\" alt=\"\" data-id=\"2879\" data-link=\"http:\/\/lesmotifs.blogcinemacentansdejeunesse.org\/blog\/?attachment_id=2879\" class=\"wp-image-2879\" \/><\/figure><\/li><li class=\"blocks-gallery-item\"><figure><img src=\"http:\/\/lesmotifs.blogcinemacentansdejeunesse.org\/blog\/wp-content\/uploads\/2022\/05\/IMG_20211201_152547895-1.jpg\" alt=\"\" data-id=\"2878\" data-link=\"http:\/\/lesmotifs.blogcinemacentansdejeunesse.org\/blog\/?attachment_id=2878\" class=\"wp-image-2878\" \/><\/figure><\/li><li class=\"blocks-gallery-item\"><figure><img src=\"http:\/\/lesmotifs.blogcinemacentansdejeunesse.org\/blog\/wp-content\/uploads\/2022\/05\/IMG_20211201_150117107-1.jpg\" alt=\"\" data-id=\"2877\" data-link=\"http:\/\/lesmotifs.blogcinemacentansdejeunesse.org\/blog\/?attachment_id=2877\" class=\"wp-image-2877\" \/><\/figure><\/li><li class=\"blocks-gallery-item\"><figure><img loading=\"lazy\" width=\"1920\" height=\"2560\" src=\"http:\/\/lesmotifs.blogcinemacentansdejeunesse.org\/blog\/wp-content\/uploads\/2022\/05\/IMG_20211201_145905531-2-scaled.jpg\" alt=\"\" data-id=\"2876\" data-full-url=\"http:\/\/lesmotifs.blogcinemacentansdejeunesse.org\/blog\/wp-content\/uploads\/2022\/05\/IMG_20211201_145905531-2-scaled.jpg\" data-link=\"http:\/\/lesmotifs.blogcinemacentansdejeunesse.org\/blog\/?attachment_id=2876\" class=\"wp-image-2876\" srcset=\"http:\/\/lesmotifs.blogcinemacentansdejeunesse.org\/blog\/wp-content\/uploads\/2022\/05\/IMG_20211201_145905531-2-scaled.jpg 1920w, http:\/\/lesmotifs.blogcinemacentansdejeunesse.org\/blog\/wp-content\/uploads\/2022\/05\/IMG_20211201_145905531-2-225x300.jpg 225w\" sizes=\"(max-width: 1920px) 100vw, 1920px\" \/><\/figure><\/li><\/ul><\/figure>\n","protected":false},"excerpt":{"rendered":"<p>Ol\u00e1 boa tarde.Fizemos o exerc\u00edcio 2, onde t\u00ednhamos que escolher um local, eleger um motivo nesse local para ser filmado. Combinamos de fazer o exerc\u00edcio dentro da escola e de que a classe escolheria o mesmo lugar, mas cada grupo &hellip; <a href=\"http:\/\/lesmotifs.blogcinemacentansdejeunesse.org\/blog\/carlitoscm2b\/exercicio-2\/\">Continuer la lecture <span class=\"meta-nav\">&rarr;<\/span><\/a><\/p>\n","protected":false},"author":18,"featured_media":0,"comment_status":"open","ping_status":"open","sticky":false,"template":"","format":"standard","meta":[],"categories":[26],"tags":[],"_links":{"self":[{"href":"http:\/\/lesmotifs.blogcinemacentansdejeunesse.org\/blog\/wp-json\/wp\/v2\/posts\/2866"}],"collection":[{"href":"http:\/\/lesmotifs.blogcinemacentansdejeunesse.org\/blog\/wp-json\/wp\/v2\/posts"}],"about":[{"href":"http:\/\/lesmotifs.blogcinemacentansdejeunesse.org\/blog\/wp-json\/wp\/v2\/types\/post"}],"author":[{"embeddable":true,"href":"http:\/\/lesmotifs.blogcinemacentansdejeunesse.org\/blog\/wp-json\/wp\/v2\/users\/18"}],"replies":[{"embeddable":true,"href":"http:\/\/lesmotifs.blogcinemacentansdejeunesse.org\/blog\/wp-json\/wp\/v2\/comments?post=2866"}],"version-history":[{"count":2,"href":"http:\/\/lesmotifs.blogcinemacentansdejeunesse.org\/blog\/wp-json\/wp\/v2\/posts\/2866\/revisions"}],"predecessor-version":[{"id":2880,"href":"http:\/\/lesmotifs.blogcinemacentansdejeunesse.org\/blog\/wp-json\/wp\/v2\/posts\/2866\/revisions\/2880"}],"wp:attachment":[{"href":"http:\/\/lesmotifs.blogcinemacentansdejeunesse.org\/blog\/wp-json\/wp\/v2\/media?parent=2866"}],"wp:term":[{"taxonomy":"category","embeddable":true,"href":"http:\/\/lesmotifs.blogcinemacentansdejeunesse.org\/blog\/wp-json\/wp\/v2\/categories?post=2866"},{"taxonomy":"post_tag","embeddable":true,"href":"http:\/\/lesmotifs.blogcinemacentansdejeunesse.org\/blog\/wp-json\/wp\/v2\/tags?post=2866"}],"curies":[{"name":"wp","href":"https:\/\/api.w.org\/{rel}","templated":true}]}}