{"id":2864,"date":"2022-05-23T18:37:30","date_gmt":"2022-05-23T18:37:30","guid":{"rendered":"http:\/\/lesmotifs.blogcinemacentansdejeunesse.org\/blog\/?p=2864"},"modified":"2022-05-23T18:37:30","modified_gmt":"2022-05-23T18:37:30","slug":"apresentacao","status":"publish","type":"post","link":"http:\/\/lesmotifs.blogcinemacentansdejeunesse.org\/blog\/carlitoscm2b\/apresentacao\/","title":{"rendered":"Apresenta\u00e7\u00e3o"},"content":{"rendered":"\n<p>Nos somos da Escola Carlitos, do 5o ano tarde de S\u00e3o Paulo, Brasil.<br>S\u00e3o Paulo \u00e9 a quarta maior cidade do mundo, uma grande metr\u00f3pole com gente de v\u00e1rios pa\u00edses. Temos 12 milh\u00f5es de habitantes e aproximadamente 1500 Km2.<br>S\u00e3o Paulo \u00e9 a capital econ\u00f4mica, cultural e gastron\u00f4mica do Brasil com muitos museus, centros culturais e restaurantes com comidas de v\u00e1rios lugares do mundo.<br>Nossa classe tem 14 alunos, Ana Luisa, Betina, Cecilia, Helena, Henrique, Isadora, Lu\u00edsa Netto, Luisa Pereira, Mario, Martin, Melissa, Paola, Pedro Carvalho e Pedro Alabi.  <\/p>\n\n\n\n<p>Nos achamos que ser\u00e1 um projeto legal e trabalhoso. Estamos ansiosos para fazer o nosso curta-metragem e apresent\u00e1-lo para pessoas de outros pa\u00edses<\/p>\n\n\n\n<p><br><br>Nous sommes de l&rsquo;Escola Carlitos, de le CM2 apr\u00e8s midi \u00e0 S\u00e3o Paulo, au Br\u00e9sil.<br>S\u00e3o Paulo est la quatri\u00e8me plus grande ville du monde, une grande m\u00e9tropole avec des habitants de nombreux pays. Nous avons 12 millions d&rsquo;habitants et environ 1500 km2.<br>S\u00e3o Paulo est la capitale \u00e9conomique, culturelle et gastronomique du Br\u00e9sil avec de nombreux mus\u00e9es, centres culturels et restaurants proposant des plats du monde entier.<br>Notre classe compte 14 \u00e9l\u00e8ves, Ana Luisa, Betina, Cecilia, Helena, Henrique, Isadora, Lu\u00edsa Netto, Luisa Pereira, Mario, Martin, Melissa, Paola, Pedro Carvalho et Pedro Alabi.<\/p>\n\n\n\n<p>Nous pensons que ce sera un projet cool et laborieux. Nous sommes impatients de r\u00e9aliser notre court m\u00e9trage et de le montrer \u00e0 des personnes d&rsquo;autres pays. <br><\/p>\n\n\n\n<figure class=\"wp-block-gallery columns-1 is-cropped\"><ul class=\"blocks-gallery-grid\"><li class=\"blocks-gallery-item\"><figure><img loading=\"lazy\" width=\"1024\" height=\"768\" src=\"http:\/\/lesmotifs.blogcinemacentansdejeunesse.org\/blog\/wp-content\/uploads\/2022\/05\/20210928_130853-1024x768.jpg\" alt=\"\" data-id=\"2867\" data-full-url=\"http:\/\/lesmotifs.blogcinemacentansdejeunesse.org\/blog\/wp-content\/uploads\/2022\/05\/20210928_130853-scaled.jpg\" data-link=\"http:\/\/lesmotifs.blogcinemacentansdejeunesse.org\/blog\/?attachment_id=2867\" class=\"wp-image-2867\" srcset=\"http:\/\/lesmotifs.blogcinemacentansdejeunesse.org\/blog\/wp-content\/uploads\/2022\/05\/20210928_130853-1024x768.jpg 1024w, http:\/\/lesmotifs.blogcinemacentansdejeunesse.org\/blog\/wp-content\/uploads\/2022\/05\/20210928_130853-300x225.jpg 300w, http:\/\/lesmotifs.blogcinemacentansdejeunesse.org\/blog\/wp-content\/uploads\/2022\/05\/20210928_130853-768x576.jpg 768w, http:\/\/lesmotifs.blogcinemacentansdejeunesse.org\/blog\/wp-content\/uploads\/2022\/05\/20210928_130853-1536x1152.jpg 1536w, http:\/\/lesmotifs.blogcinemacentansdejeunesse.org\/blog\/wp-content\/uploads\/2022\/05\/20210928_130853-2048x1536.jpg 2048w\" sizes=\"(max-width: 1024px) 100vw, 1024px\" \/><\/figure><\/li><\/ul><\/figure>\n","protected":false},"excerpt":{"rendered":"<p>Nos somos da Escola Carlitos, do 5o ano tarde de S\u00e3o Paulo, Brasil.S\u00e3o Paulo \u00e9 a quarta maior cidade do mundo, uma grande metr\u00f3pole com gente de v\u00e1rios pa\u00edses. Temos 12 milh\u00f5es de habitantes e aproximadamente 1500 Km2.S\u00e3o Paulo \u00e9 &hellip; <a href=\"http:\/\/lesmotifs.blogcinemacentansdejeunesse.org\/blog\/carlitoscm2b\/apresentacao\/\">Continuer la lecture <span class=\"meta-nav\">&rarr;<\/span><\/a><\/p>\n","protected":false},"author":18,"featured_media":0,"comment_status":"open","ping_status":"open","sticky":false,"template":"","format":"standard","meta":[],"categories":[26],"tags":[],"_links":{"self":[{"href":"http:\/\/lesmotifs.blogcinemacentansdejeunesse.org\/blog\/wp-json\/wp\/v2\/posts\/2864"}],"collection":[{"href":"http:\/\/lesmotifs.blogcinemacentansdejeunesse.org\/blog\/wp-json\/wp\/v2\/posts"}],"about":[{"href":"http:\/\/lesmotifs.blogcinemacentansdejeunesse.org\/blog\/wp-json\/wp\/v2\/types\/post"}],"author":[{"embeddable":true,"href":"http:\/\/lesmotifs.blogcinemacentansdejeunesse.org\/blog\/wp-json\/wp\/v2\/users\/18"}],"replies":[{"embeddable":true,"href":"http:\/\/lesmotifs.blogcinemacentansdejeunesse.org\/blog\/wp-json\/wp\/v2\/comments?post=2864"}],"version-history":[{"count":2,"href":"http:\/\/lesmotifs.blogcinemacentansdejeunesse.org\/blog\/wp-json\/wp\/v2\/posts\/2864\/revisions"}],"predecessor-version":[{"id":2868,"href":"http:\/\/lesmotifs.blogcinemacentansdejeunesse.org\/blog\/wp-json\/wp\/v2\/posts\/2864\/revisions\/2868"}],"wp:attachment":[{"href":"http:\/\/lesmotifs.blogcinemacentansdejeunesse.org\/blog\/wp-json\/wp\/v2\/media?parent=2864"}],"wp:term":[{"taxonomy":"category","embeddable":true,"href":"http:\/\/lesmotifs.blogcinemacentansdejeunesse.org\/blog\/wp-json\/wp\/v2\/categories?post=2864"},{"taxonomy":"post_tag","embeddable":true,"href":"http:\/\/lesmotifs.blogcinemacentansdejeunesse.org\/blog\/wp-json\/wp\/v2\/tags?post=2864"}],"curies":[{"name":"wp","href":"https:\/\/api.w.org\/{rel}","templated":true}]}}