{"id":277,"date":"2022-04-30T15:37:13","date_gmt":"2022-04-30T15:37:13","guid":{"rendered":"http:\/\/lesmotifs.blogcinemacentansdejeunesse.org\/blog\/?p=277"},"modified":"2022-05-01T13:57:03","modified_gmt":"2022-05-01T13:57:03","slug":"presentation-de-lecole-gabriel-peri-de-saint-martin-dheres","status":"publish","type":"post","link":"http:\/\/lesmotifs.blogcinemacentansdejeunesse.org\/blog\/gabrielperi\/presentation-de-lecole-gabriel-peri-de-saint-martin-dheres\/","title":{"rendered":"Pr\u00e9sentation de l&rsquo;\u00e9cole Gabriel P\u00e9ri de Saint Martin d&rsquo;H\u00e8res."},"content":{"rendered":"\n<p><\/p>\n\n\n\n<p>Bonjour.<\/p>\n\n\n\n<p>Nous sommes les 26 \u00e9l\u00e8ves de la classe de CM2 de l\u2019\u00e9cole Gabriel p\u00e9ri de Saint Martin d\u2019H\u00e8res. Nous habitons la r\u00e9gion de Grenoble au pied des Alpes. Dans ce paysage de montagnes, nous pratiquons la randonn\u00e9e et l\u2019escalade, l\u2019alpinisme et le ski. Nous sommes heureux de vous rencontrer sur le blog.<\/p>\n\n\n\n<p>A tr\u00e8s bient\u00f4t.<\/p>\n\n\n\n<p>Buenos d\u00edas.<\/p>\n\n\n\n<p>Somos 26 alumnos de la clase de CM2 del colegio Gabriel P\u00e9ri de Saint Martin d&rsquo;H\u00e8res. Vivimos en Grenoble, una regi\u00f3n que se encuentra justo a lado de los Alpes franceses. En este paisaje monta\u00f1oso, practicamos en esqu\u00ed, el senderismo, la escalada y el monta\u00f1ismo. Estamos felices de conocerlos por medio del blog.<\/p>\n\n\n\n<p>Hasta pronto.<\/p>\n\n\n\n<div class=\"wp-block-image is-style-default\"><figure class=\"aligncenter size-full is-resized\"><img loading=\"lazy\" src=\"http:\/\/lesmotifs.blogcinemacentansdejeunesse.org\/blog\/wp-content\/uploads\/2021\/11\/photo-1-red-1-scaled.jpg\" alt=\"\" class=\"wp-image-283\" width=\"640\" height=\"427\" srcset=\"http:\/\/lesmotifs.blogcinemacentansdejeunesse.org\/blog\/wp-content\/uploads\/2021\/11\/photo-1-red-1-scaled.jpg 2560w, http:\/\/lesmotifs.blogcinemacentansdejeunesse.org\/blog\/wp-content\/uploads\/2021\/11\/photo-1-red-1-300x200.jpg 300w, http:\/\/lesmotifs.blogcinemacentansdejeunesse.org\/blog\/wp-content\/uploads\/2021\/11\/photo-1-red-1-1024x683.jpg 1024w, http:\/\/lesmotifs.blogcinemacentansdejeunesse.org\/blog\/wp-content\/uploads\/2021\/11\/photo-1-red-1-768x512.jpg 768w, http:\/\/lesmotifs.blogcinemacentansdejeunesse.org\/blog\/wp-content\/uploads\/2021\/11\/photo-1-red-1-1536x1024.jpg 1536w, http:\/\/lesmotifs.blogcinemacentansdejeunesse.org\/blog\/wp-content\/uploads\/2021\/11\/photo-1-red-1-2048x1365.jpg 2048w\" sizes=\"(max-width: 640px) 100vw, 640px\" \/><\/figure><\/div>\n\n\n\n<div class=\"wp-block-image is-style-default\"><figure class=\"aligncenter size-full is-resized\"><img loading=\"lazy\" src=\"http:\/\/lesmotifs.blogcinemacentansdejeunesse.org\/blog\/wp-content\/uploads\/2021\/11\/photo-2-red-scaled.jpg\" alt=\"\" class=\"wp-image-284\" width=\"640\" height=\"480\" srcset=\"http:\/\/lesmotifs.blogcinemacentansdejeunesse.org\/blog\/wp-content\/uploads\/2021\/11\/photo-2-red-scaled.jpg 2560w, http:\/\/lesmotifs.blogcinemacentansdejeunesse.org\/blog\/wp-content\/uploads\/2021\/11\/photo-2-red-300x225.jpg 300w, http:\/\/lesmotifs.blogcinemacentansdejeunesse.org\/blog\/wp-content\/uploads\/2021\/11\/photo-2-red-1024x768.jpg 1024w, http:\/\/lesmotifs.blogcinemacentansdejeunesse.org\/blog\/wp-content\/uploads\/2021\/11\/photo-2-red-768x576.jpg 768w, http:\/\/lesmotifs.blogcinemacentansdejeunesse.org\/blog\/wp-content\/uploads\/2021\/11\/photo-2-red-1536x1152.jpg 1536w, http:\/\/lesmotifs.blogcinemacentansdejeunesse.org\/blog\/wp-content\/uploads\/2021\/11\/photo-2-red-2048x1536.jpg 2048w\" sizes=\"(max-width: 640px) 100vw, 640px\" \/><\/figure><\/div>\n\n\n\n<div class=\"wp-block-image is-style-default\"><figure class=\"aligncenter size-full is-resized\"><img loading=\"lazy\" src=\"http:\/\/lesmotifs.blogcinemacentansdejeunesse.org\/blog\/wp-content\/uploads\/2021\/11\/photo-3-red-scaled.jpg\" alt=\"\" class=\"wp-image-285\" width=\"640\" height=\"480\" srcset=\"http:\/\/lesmotifs.blogcinemacentansdejeunesse.org\/blog\/wp-content\/uploads\/2021\/11\/photo-3-red-scaled.jpg 2560w, http:\/\/lesmotifs.blogcinemacentansdejeunesse.org\/blog\/wp-content\/uploads\/2021\/11\/photo-3-red-300x225.jpg 300w, http:\/\/lesmotifs.blogcinemacentansdejeunesse.org\/blog\/wp-content\/uploads\/2021\/11\/photo-3-red-1024x768.jpg 1024w, http:\/\/lesmotifs.blogcinemacentansdejeunesse.org\/blog\/wp-content\/uploads\/2021\/11\/photo-3-red-768x576.jpg 768w, http:\/\/lesmotifs.blogcinemacentansdejeunesse.org\/blog\/wp-content\/uploads\/2021\/11\/photo-3-red-1536x1152.jpg 1536w, http:\/\/lesmotifs.blogcinemacentansdejeunesse.org\/blog\/wp-content\/uploads\/2021\/11\/photo-3-red-2048x1536.jpg 2048w\" sizes=\"(max-width: 640px) 100vw, 640px\" \/><\/figure><\/div>\n","protected":false},"excerpt":{"rendered":"<p>Bonjour. Nous sommes les 26 \u00e9l\u00e8ves de la classe de CM2 de l\u2019\u00e9cole Gabriel p\u00e9ri de Saint Martin d\u2019H\u00e8res. Nous habitons la r\u00e9gion de Grenoble au pied des Alpes. Dans ce paysage de montagnes, nous pratiquons la randonn\u00e9e et l\u2019escalade, &hellip; <a href=\"http:\/\/lesmotifs.blogcinemacentansdejeunesse.org\/blog\/gabrielperi\/presentation-de-lecole-gabriel-peri-de-saint-martin-dheres\/\">Continuer la lecture <span class=\"meta-nav\">&rarr;<\/span><\/a><\/p>\n","protected":false},"author":29,"featured_media":0,"comment_status":"open","ping_status":"open","sticky":false,"template":"","format":"standard","meta":[],"categories":[28],"tags":[],"_links":{"self":[{"href":"http:\/\/lesmotifs.blogcinemacentansdejeunesse.org\/blog\/wp-json\/wp\/v2\/posts\/277"}],"collection":[{"href":"http:\/\/lesmotifs.blogcinemacentansdejeunesse.org\/blog\/wp-json\/wp\/v2\/posts"}],"about":[{"href":"http:\/\/lesmotifs.blogcinemacentansdejeunesse.org\/blog\/wp-json\/wp\/v2\/types\/post"}],"author":[{"embeddable":true,"href":"http:\/\/lesmotifs.blogcinemacentansdejeunesse.org\/blog\/wp-json\/wp\/v2\/users\/29"}],"replies":[{"embeddable":true,"href":"http:\/\/lesmotifs.blogcinemacentansdejeunesse.org\/blog\/wp-json\/wp\/v2\/comments?post=277"}],"version-history":[{"count":14,"href":"http:\/\/lesmotifs.blogcinemacentansdejeunesse.org\/blog\/wp-json\/wp\/v2\/posts\/277\/revisions"}],"predecessor-version":[{"id":2554,"href":"http:\/\/lesmotifs.blogcinemacentansdejeunesse.org\/blog\/wp-json\/wp\/v2\/posts\/277\/revisions\/2554"}],"wp:attachment":[{"href":"http:\/\/lesmotifs.blogcinemacentansdejeunesse.org\/blog\/wp-json\/wp\/v2\/media?parent=277"}],"wp:term":[{"taxonomy":"category","embeddable":true,"href":"http:\/\/lesmotifs.blogcinemacentansdejeunesse.org\/blog\/wp-json\/wp\/v2\/categories?post=277"},{"taxonomy":"post_tag","embeddable":true,"href":"http:\/\/lesmotifs.blogcinemacentansdejeunesse.org\/blog\/wp-json\/wp\/v2\/tags?post=277"}],"curies":[{"name":"wp","href":"https:\/\/api.w.org\/{rel}","templated":true}]}}