{"id":2669,"date":"2022-05-06T13:50:55","date_gmt":"2022-05-06T13:50:55","guid":{"rendered":"http:\/\/lesmotifs.blogcinemacentansdejeunesse.org\/blog\/?p=2669"},"modified":"2022-05-06T15:45:31","modified_gmt":"2022-05-06T15:45:31","slug":"college-pierre-matraja-presentation","status":"publish","type":"post","link":"http:\/\/lesmotifs.blogcinemacentansdejeunesse.org\/blog\/matraja\/college-pierre-matraja-presentation\/","title":{"rendered":"Coll\u00e8ge Pierre MATRAJA &#8211; Pr\u00e9sentation"},"content":{"rendered":"\n<p>Nous sommes une classe dites \u00ab\u00a0Cin\u00e9ma\u00a0\u00bb de 29 \u00e9l\u00e8ves de cinqui\u00e8me. Nous avons choisi, en fin de sixi\u00e8me, de participer au dispositif \u00ab\u00a0Cin\u00e9ma cent ans de jeunesse. Ce projet existe au coll\u00e8ge depuis plus de 20 ans.<\/p>\n\n\n\n<div class=\"wp-block-image\"><figure class=\"aligncenter size-full is-resized\"><img loading=\"lazy\" src=\"http:\/\/lesmotifs.blogcinemacentansdejeunesse.org\/blog\/wp-content\/uploads\/2022\/05\/Autoportrait-avec-motifs-Chloe-Jouveaux-4.jpg\" alt=\"\" class=\"wp-image-2682\" width=\"578\" height=\"385\" srcset=\"http:\/\/lesmotifs.blogcinemacentansdejeunesse.org\/blog\/wp-content\/uploads\/2022\/05\/Autoportrait-avec-motifs-Chloe-Jouveaux-4.jpg 1368w, http:\/\/lesmotifs.blogcinemacentansdejeunesse.org\/blog\/wp-content\/uploads\/2022\/05\/Autoportrait-avec-motifs-Chloe-Jouveaux-4-300x200.jpg 300w, http:\/\/lesmotifs.blogcinemacentansdejeunesse.org\/blog\/wp-content\/uploads\/2022\/05\/Autoportrait-avec-motifs-Chloe-Jouveaux-4-1024x683.jpg 1024w, http:\/\/lesmotifs.blogcinemacentansdejeunesse.org\/blog\/wp-content\/uploads\/2022\/05\/Autoportrait-avec-motifs-Chloe-Jouveaux-4-768x512.jpg 768w\" sizes=\"(max-width: 578px) 100vw, 578px\" \/><\/figure><\/div>\n\n\n\n<p>Sausset les Pins, o\u00f9 nous vivons, est un petit village de p\u00eacheurs, devenu un lieu tr\u00e8s convoit\u00e9: Un bord de mer encore humain, loin de l&rsquo;agitation de Marseille et des plages de la c\u00f4te d&rsquo;Azur.<\/p>\n\n\n\n<figure class=\"wp-block-gallery columns-1 is-cropped\"><ul class=\"blocks-gallery-grid\"><li class=\"blocks-gallery-item\"><figure><img loading=\"lazy\" width=\"724\" height=\"1087\" src=\"http:\/\/lesmotifs.blogcinemacentansdejeunesse.org\/blog\/wp-content\/uploads\/2022\/05\/lopez-antoine-autoportrait-avec-motif-1.jpg\" alt=\"\" data-id=\"2683\" data-full-url=\"http:\/\/lesmotifs.blogcinemacentansdejeunesse.org\/blog\/wp-content\/uploads\/2022\/05\/lopez-antoine-autoportrait-avec-motif-1.jpg\" data-link=\"http:\/\/lesmotifs.blogcinemacentansdejeunesse.org\/blog\/?attachment_id=2683\" class=\"wp-image-2683\" srcset=\"http:\/\/lesmotifs.blogcinemacentansdejeunesse.org\/blog\/wp-content\/uploads\/2022\/05\/lopez-antoine-autoportrait-avec-motif-1.jpg 724w, http:\/\/lesmotifs.blogcinemacentansdejeunesse.org\/blog\/wp-content\/uploads\/2022\/05\/lopez-antoine-autoportrait-avec-motif-1-200x300.jpg 200w, http:\/\/lesmotifs.blogcinemacentansdejeunesse.org\/blog\/wp-content\/uploads\/2022\/05\/lopez-antoine-autoportrait-avec-motif-1-682x1024.jpg 682w\" sizes=\"(max-width: 724px) 100vw, 724px\" \/><\/figure><\/li><\/ul><\/figure>\n\n\n\n<p>Nous avons rendez vous avec le cin\u00e9ma deux fois dans la semaine: Le lundi de 14h00 \u00e0 15h00 et le jeudi de 14h00 \u00e0 15h00.<\/p>\n\n\n\n<figure class=\"wp-block-gallery columns-1 is-cropped\"><ul class=\"blocks-gallery-grid\"><li class=\"blocks-gallery-item\"><figure><img loading=\"lazy\" width=\"1024\" height=\"681\" src=\"http:\/\/lesmotifs.blogcinemacentansdejeunesse.org\/blog\/wp-content\/uploads\/2022\/05\/autoportrait-avec-motifs-PEREZ-LYSA-1-1024x681.jpg\" alt=\"\" data-id=\"2684\" data-full-url=\"http:\/\/lesmotifs.blogcinemacentansdejeunesse.org\/blog\/wp-content\/uploads\/2022\/05\/autoportrait-avec-motifs-PEREZ-LYSA-1.jpg\" data-link=\"http:\/\/lesmotifs.blogcinemacentansdejeunesse.org\/blog\/?attachment_id=2684\" class=\"wp-image-2684\" srcset=\"http:\/\/lesmotifs.blogcinemacentansdejeunesse.org\/blog\/wp-content\/uploads\/2022\/05\/autoportrait-avec-motifs-PEREZ-LYSA-1-1024x681.jpg 1024w, http:\/\/lesmotifs.blogcinemacentansdejeunesse.org\/blog\/wp-content\/uploads\/2022\/05\/autoportrait-avec-motifs-PEREZ-LYSA-1-300x200.jpg 300w, http:\/\/lesmotifs.blogcinemacentansdejeunesse.org\/blog\/wp-content\/uploads\/2022\/05\/autoportrait-avec-motifs-PEREZ-LYSA-1-768x511.jpg 768w, http:\/\/lesmotifs.blogcinemacentansdejeunesse.org\/blog\/wp-content\/uploads\/2022\/05\/autoportrait-avec-motifs-PEREZ-LYSA-1.jpg 1523w\" sizes=\"(max-width: 1024px) 100vw, 1024px\" \/><\/figure><\/li><\/ul><\/figure>\n\n\n\n<p>Madame Moreno (professeur d&rsquo;anglais), monsieur Neulet (professeur d&rsquo;EPS) et madame Obadia (professeur d&rsquo;arts plastiques) nous accompagnent sur ce projet. <\/p>\n\n\n\n<figure class=\"wp-block-gallery columns-1 is-cropped\"><ul class=\"blocks-gallery-grid\"><li class=\"blocks-gallery-item\"><figure><img loading=\"lazy\" width=\"788\" height=\"524\" src=\"http:\/\/lesmotifs.blogcinemacentansdejeunesse.org\/blog\/wp-content\/uploads\/2022\/05\/Holagne-Lorena-Autoportrait-avec-motif-1.jpg\" alt=\"\" data-id=\"2685\" data-full-url=\"http:\/\/lesmotifs.blogcinemacentansdejeunesse.org\/blog\/wp-content\/uploads\/2022\/05\/Holagne-Lorena-Autoportrait-avec-motif-1.jpg\" data-link=\"http:\/\/lesmotifs.blogcinemacentansdejeunesse.org\/blog\/?attachment_id=2685\" class=\"wp-image-2685\" srcset=\"http:\/\/lesmotifs.blogcinemacentansdejeunesse.org\/blog\/wp-content\/uploads\/2022\/05\/Holagne-Lorena-Autoportrait-avec-motif-1.jpg 788w, http:\/\/lesmotifs.blogcinemacentansdejeunesse.org\/blog\/wp-content\/uploads\/2022\/05\/Holagne-Lorena-Autoportrait-avec-motif-1-300x199.jpg 300w, http:\/\/lesmotifs.blogcinemacentansdejeunesse.org\/blog\/wp-content\/uploads\/2022\/05\/Holagne-Lorena-Autoportrait-avec-motif-1-768x511.jpg 768w\" sizes=\"(max-width: 788px) 100vw, 788px\" \/><\/figure><\/li><\/ul><\/figure>\n\n\n\n<p>Notre partenaire cuturel (le cin\u00e9ma La Cascade \u00e0 Martigues) a mis cette ann\u00e9e \u00e0 notre disposition Elyse Tamisier, une professionnelle du cin\u00e9ma, qui nous guide lors des \u00e9tapes importantes de ce projet.<\/p>\n\n\n\n<figure class=\"wp-block-gallery aligncenter columns-1 is-cropped\"><ul class=\"blocks-gallery-grid\"><li class=\"blocks-gallery-item\"><figure><img loading=\"lazy\" width=\"1199\" height=\"800\" src=\"http:\/\/lesmotifs.blogcinemacentansdejeunesse.org\/blog\/wp-content\/uploads\/2022\/05\/Lalie-Da-Silva-e-Sousa-Carpentier-Autoportrait-avec-motifs.jpg\" alt=\"\" data-id=\"2688\" data-full-url=\"http:\/\/lesmotifs.blogcinemacentansdejeunesse.org\/blog\/wp-content\/uploads\/2022\/05\/Lalie-Da-Silva-e-Sousa-Carpentier-Autoportrait-avec-motifs.jpg\" data-link=\"http:\/\/lesmotifs.blogcinemacentansdejeunesse.org\/blog\/?attachment_id=2688\" class=\"wp-image-2688\" srcset=\"http:\/\/lesmotifs.blogcinemacentansdejeunesse.org\/blog\/wp-content\/uploads\/2022\/05\/Lalie-Da-Silva-e-Sousa-Carpentier-Autoportrait-avec-motifs.jpg 1199w, http:\/\/lesmotifs.blogcinemacentansdejeunesse.org\/blog\/wp-content\/uploads\/2022\/05\/Lalie-Da-Silva-e-Sousa-Carpentier-Autoportrait-avec-motifs-300x200.jpg 300w, http:\/\/lesmotifs.blogcinemacentansdejeunesse.org\/blog\/wp-content\/uploads\/2022\/05\/Lalie-Da-Silva-e-Sousa-Carpentier-Autoportrait-avec-motifs-1024x683.jpg 1024w, http:\/\/lesmotifs.blogcinemacentansdejeunesse.org\/blog\/wp-content\/uploads\/2022\/05\/Lalie-Da-Silva-e-Sousa-Carpentier-Autoportrait-avec-motifs-768x512.jpg 768w\" sizes=\"(max-width: 1199px) 100vw, 1199px\" \/><\/figure><\/li><\/ul><\/figure>\n\n\n\n<p>Nous avons commenc\u00e9 cette ann\u00e9e par un travail d&rsquo;autoportrait qui servait tout autant \u00e0 nous pr\u00e9senter et \u00e0 identifier des motifs qui nous sont chers. Ces photos en t\u00e9moignent.<\/p>\n\n\n\n<div class=\"wp-block-image\"><figure class=\"aligncenter size-full is-resized\"><img loading=\"lazy\" src=\"http:\/\/lesmotifs.blogcinemacentansdejeunesse.org\/blog\/wp-content\/uploads\/2022\/05\/Nathanael-Molina-Auto-portrait-avec-motifs-2-1.jpg\" alt=\"\" class=\"wp-image-2687\" width=\"558\" height=\"372\" srcset=\"http:\/\/lesmotifs.blogcinemacentansdejeunesse.org\/blog\/wp-content\/uploads\/2022\/05\/Nathanael-Molina-Auto-portrait-avec-motifs-2-1.jpg 1000w, http:\/\/lesmotifs.blogcinemacentansdejeunesse.org\/blog\/wp-content\/uploads\/2022\/05\/Nathanael-Molina-Auto-portrait-avec-motifs-2-1-300x200.jpg 300w, http:\/\/lesmotifs.blogcinemacentansdejeunesse.org\/blog\/wp-content\/uploads\/2022\/05\/Nathanael-Molina-Auto-portrait-avec-motifs-2-1-768x511.jpg 768w\" sizes=\"(max-width: 558px) 100vw, 558px\" \/><\/figure><\/div>\n\n\n\n<p><\/p>\n","protected":false},"excerpt":{"rendered":"<p>Nous sommes une classe dites \u00ab\u00a0Cin\u00e9ma\u00a0\u00bb de 29 \u00e9l\u00e8ves de cinqui\u00e8me. Nous avons choisi, en fin de sixi\u00e8me, de participer au dispositif \u00ab\u00a0Cin\u00e9ma cent ans de jeunesse. Ce projet existe au coll\u00e8ge depuis plus de 20 ans. Sausset les Pins, &hellip; <a href=\"http:\/\/lesmotifs.blogcinemacentansdejeunesse.org\/blog\/matraja\/college-pierre-matraja-presentation\/\">Continuer la lecture <span class=\"meta-nav\">&rarr;<\/span><\/a><\/p>\n","protected":false},"author":12,"featured_media":0,"comment_status":"open","ping_status":"open","sticky":false,"template":"","format":"standard","meta":[],"categories":[28],"tags":[],"_links":{"self":[{"href":"http:\/\/lesmotifs.blogcinemacentansdejeunesse.org\/blog\/wp-json\/wp\/v2\/posts\/2669"}],"collection":[{"href":"http:\/\/lesmotifs.blogcinemacentansdejeunesse.org\/blog\/wp-json\/wp\/v2\/posts"}],"about":[{"href":"http:\/\/lesmotifs.blogcinemacentansdejeunesse.org\/blog\/wp-json\/wp\/v2\/types\/post"}],"author":[{"embeddable":true,"href":"http:\/\/lesmotifs.blogcinemacentansdejeunesse.org\/blog\/wp-json\/wp\/v2\/users\/12"}],"replies":[{"embeddable":true,"href":"http:\/\/lesmotifs.blogcinemacentansdejeunesse.org\/blog\/wp-json\/wp\/v2\/comments?post=2669"}],"version-history":[{"count":4,"href":"http:\/\/lesmotifs.blogcinemacentansdejeunesse.org\/blog\/wp-json\/wp\/v2\/posts\/2669\/revisions"}],"predecessor-version":[{"id":2701,"href":"http:\/\/lesmotifs.blogcinemacentansdejeunesse.org\/blog\/wp-json\/wp\/v2\/posts\/2669\/revisions\/2701"}],"wp:attachment":[{"href":"http:\/\/lesmotifs.blogcinemacentansdejeunesse.org\/blog\/wp-json\/wp\/v2\/media?parent=2669"}],"wp:term":[{"taxonomy":"category","embeddable":true,"href":"http:\/\/lesmotifs.blogcinemacentansdejeunesse.org\/blog\/wp-json\/wp\/v2\/categories?post=2669"},{"taxonomy":"post_tag","embeddable":true,"href":"http:\/\/lesmotifs.blogcinemacentansdejeunesse.org\/blog\/wp-json\/wp\/v2\/tags?post=2669"}],"curies":[{"name":"wp","href":"https:\/\/api.w.org\/{rel}","templated":true}]}}