{"id":2633,"date":"2022-02-03T14:15:00","date_gmt":"2022-02-03T14:15:00","guid":{"rendered":"http:\/\/lesmotifs.blogcinemacentansdejeunesse.org\/blog\/?p=2633"},"modified":"2022-05-03T16:08:37","modified_gmt":"2022-05-03T16:08:37","slug":"reperage-para-o-segundo-exercicio","status":"publish","type":"post","link":"http:\/\/lesmotifs.blogcinemacentansdejeunesse.org\/blog\/mertola\/reperage-para-o-segundo-exercicio\/","title":{"rendered":"Rep\u00e9rage para o segundo exerc\u00edcio"},"content":{"rendered":"\n<p>No dia 3 de Fevereiro de 2022, fomos de rep\u00e9rage no parque da vila de M\u00e9rtola para a filmagem do segundo exerc\u00edcio que faremos a semana que vem. Aqui est\u00e3o algumas fotos.<\/p>\n\n\n\n<figure class=\"wp-block-image size-full is-resized\"><img loading=\"lazy\" src=\"http:\/\/lesmotifs.blogcinemacentansdejeunesse.org\/blog\/wp-content\/uploads\/2022\/05\/20220203_CCAJMertola-reperage_2790-1-scaled.jpg\" alt=\"\" class=\"wp-image-2638\" width=\"551\" height=\"412\" srcset=\"http:\/\/lesmotifs.blogcinemacentansdejeunesse.org\/blog\/wp-content\/uploads\/2022\/05\/20220203_CCAJMertola-reperage_2790-1-scaled.jpg 2560w, http:\/\/lesmotifs.blogcinemacentansdejeunesse.org\/blog\/wp-content\/uploads\/2022\/05\/20220203_CCAJMertola-reperage_2790-1-300x225.jpg 300w\" sizes=\"(max-width: 551px) 100vw, 551px\" \/><\/figure>\n\n\n\n<figure class=\"wp-block-image size-full is-resized\"><img loading=\"lazy\" src=\"http:\/\/lesmotifs.blogcinemacentansdejeunesse.org\/blog\/wp-content\/uploads\/2022\/05\/20220203_CCAJMertola-reperage_2785-1-scaled.jpg\" alt=\"\" class=\"wp-image-2637\" width=\"552\" height=\"414\" srcset=\"http:\/\/lesmotifs.blogcinemacentansdejeunesse.org\/blog\/wp-content\/uploads\/2022\/05\/20220203_CCAJMertola-reperage_2785-1-scaled.jpg 2560w, http:\/\/lesmotifs.blogcinemacentansdejeunesse.org\/blog\/wp-content\/uploads\/2022\/05\/20220203_CCAJMertola-reperage_2785-1-300x225.jpg 300w\" sizes=\"(max-width: 552px) 100vw, 552px\" \/><\/figure>\n\n\n\n<p>Rep\u00e9rage pour le deuxi\u00e8me exercice. <\/p>\n\n\n\n<p>Le 3 F\u00e9vrier 2022, nous sommes all\u00e9s en rep\u00e9rage dans le parque de la ville de M\u00e9rtola pour le tournage du deuxi\u00e8me exercice que nous allons faire la semaine prochaine. Voici quelques photos.<\/p>\n\n\n\n<figure class=\"wp-block-image size-full is-resized\"><img loading=\"lazy\" src=\"http:\/\/lesmotifs.blogcinemacentansdejeunesse.org\/blog\/wp-content\/uploads\/2022\/05\/20220203_CCAJMertola-reperage_2795-scaled.jpg\" alt=\"\" class=\"wp-image-2639\" width=\"553\" height=\"414\" srcset=\"http:\/\/lesmotifs.blogcinemacentansdejeunesse.org\/blog\/wp-content\/uploads\/2022\/05\/20220203_CCAJMertola-reperage_2795-scaled.jpg 2560w, http:\/\/lesmotifs.blogcinemacentansdejeunesse.org\/blog\/wp-content\/uploads\/2022\/05\/20220203_CCAJMertola-reperage_2795-300x225.jpg 300w\" sizes=\"(max-width: 553px) 100vw, 553px\" \/><\/figure>\n\n\n\n<figure class=\"wp-block-image size-full is-resized\"><img loading=\"lazy\" src=\"http:\/\/lesmotifs.blogcinemacentansdejeunesse.org\/blog\/wp-content\/uploads\/2022\/05\/20220203_CCAJMertola-reperage_2798-scaled.jpg\" alt=\"\" class=\"wp-image-2640\" width=\"554\" height=\"415\" srcset=\"http:\/\/lesmotifs.blogcinemacentansdejeunesse.org\/blog\/wp-content\/uploads\/2022\/05\/20220203_CCAJMertola-reperage_2798-scaled.jpg 2560w, http:\/\/lesmotifs.blogcinemacentansdejeunesse.org\/blog\/wp-content\/uploads\/2022\/05\/20220203_CCAJMertola-reperage_2798-300x225.jpg 300w\" sizes=\"(max-width: 554px) 100vw, 554px\" \/><\/figure>\n","protected":false},"excerpt":{"rendered":"<p>No dia 3 de Fevereiro de 2022, fomos de rep\u00e9rage no parque da vila de M\u00e9rtola para a filmagem do segundo exerc\u00edcio que faremos a semana que vem. Aqui est\u00e3o algumas fotos. Rep\u00e9rage pour le deuxi\u00e8me exercice. Le 3 F\u00e9vrier &hellip; <a href=\"http:\/\/lesmotifs.blogcinemacentansdejeunesse.org\/blog\/mertola\/reperage-para-o-segundo-exercicio\/\">Continuer la lecture <span class=\"meta-nav\">&rarr;<\/span><\/a><\/p>\n","protected":false},"author":23,"featured_media":0,"comment_status":"open","ping_status":"open","sticky":false,"template":"","format":"standard","meta":[],"categories":[26],"tags":[],"_links":{"self":[{"href":"http:\/\/lesmotifs.blogcinemacentansdejeunesse.org\/blog\/wp-json\/wp\/v2\/posts\/2633"}],"collection":[{"href":"http:\/\/lesmotifs.blogcinemacentansdejeunesse.org\/blog\/wp-json\/wp\/v2\/posts"}],"about":[{"href":"http:\/\/lesmotifs.blogcinemacentansdejeunesse.org\/blog\/wp-json\/wp\/v2\/types\/post"}],"author":[{"embeddable":true,"href":"http:\/\/lesmotifs.blogcinemacentansdejeunesse.org\/blog\/wp-json\/wp\/v2\/users\/23"}],"replies":[{"embeddable":true,"href":"http:\/\/lesmotifs.blogcinemacentansdejeunesse.org\/blog\/wp-json\/wp\/v2\/comments?post=2633"}],"version-history":[{"count":3,"href":"http:\/\/lesmotifs.blogcinemacentansdejeunesse.org\/blog\/wp-json\/wp\/v2\/posts\/2633\/revisions"}],"predecessor-version":[{"id":2642,"href":"http:\/\/lesmotifs.blogcinemacentansdejeunesse.org\/blog\/wp-json\/wp\/v2\/posts\/2633\/revisions\/2642"}],"wp:attachment":[{"href":"http:\/\/lesmotifs.blogcinemacentansdejeunesse.org\/blog\/wp-json\/wp\/v2\/media?parent=2633"}],"wp:term":[{"taxonomy":"category","embeddable":true,"href":"http:\/\/lesmotifs.blogcinemacentansdejeunesse.org\/blog\/wp-json\/wp\/v2\/categories?post=2633"},{"taxonomy":"post_tag","embeddable":true,"href":"http:\/\/lesmotifs.blogcinemacentansdejeunesse.org\/blog\/wp-json\/wp\/v2\/tags?post=2633"}],"curies":[{"name":"wp","href":"https:\/\/api.w.org\/{rel}","templated":true}]}}