{"id":2568,"date":"2022-05-01T17:57:04","date_gmt":"2022-05-01T17:57:04","guid":{"rendered":"http:\/\/lesmotifs.blogcinemacentansdejeunesse.org\/blog\/?p=2568"},"modified":"2022-05-01T18:15:55","modified_gmt":"2022-05-01T18:15:55","slug":"ecole-gabriel-peri-tournage-du-film-essai","status":"publish","type":"post","link":"http:\/\/lesmotifs.blogcinemacentansdejeunesse.org\/blog\/gabrielperi\/ecole-gabriel-peri-tournage-du-film-essai\/","title":{"rendered":"Ecole Gabriel P\u00e9ri, tournage du film-essai."},"content":{"rendered":"\n<p>Une des s\u00e9quence du film-essai se d\u00e9roule dans un parc proche de l&rsquo;\u00e9cole o\u00f9 pousse un arbre dont l&rsquo;aspect particulier et noueux est connu de tous les habitants du quartier.<\/p>\n\n\n\n<figure class=\"wp-block-image size-full is-resized\"><img loading=\"lazy\" src=\"http:\/\/lesmotifs.blogcinemacentansdejeunesse.org\/blog\/wp-content\/uploads\/2022\/05\/DSC09510-red-scaled.jpg\" alt=\"\" class=\"wp-image-2569\" width=\"427\" height=\"640\" \/><\/figure>\n\n\n\n<p>L&rsquo;aspect noueux de cet arbre fait \u00e9cho au trouble que traverse le personnage principal. Il est  aussi un marqueur de temps de notre r\u00e9cit puisqu&rsquo;il sera visible \u00e0 plusieurs reprises.<\/p>\n\n\n\n<figure class=\"wp-block-image size-full is-resized\"><img loading=\"lazy\" src=\"http:\/\/lesmotifs.blogcinemacentansdejeunesse.org\/blog\/wp-content\/uploads\/2022\/05\/DSC09517-red-scaled.jpg\" alt=\"\" class=\"wp-image-2570\" width=\"640\" height=\"427\" srcset=\"http:\/\/lesmotifs.blogcinemacentansdejeunesse.org\/blog\/wp-content\/uploads\/2022\/05\/DSC09517-red-scaled.jpg 2560w, http:\/\/lesmotifs.blogcinemacentansdejeunesse.org\/blog\/wp-content\/uploads\/2022\/05\/DSC09517-red-300x200.jpg 300w\" sizes=\"(max-width: 640px) 100vw, 640px\" \/><\/figure>\n\n\n\n<figure class=\"wp-block-image size-full is-resized\"><img loading=\"lazy\" src=\"http:\/\/lesmotifs.blogcinemacentansdejeunesse.org\/blog\/wp-content\/uploads\/2022\/05\/DSC09521-red-scaled.jpg\" alt=\"\" class=\"wp-image-2571\" width=\"640\" height=\"427\" srcset=\"http:\/\/lesmotifs.blogcinemacentansdejeunesse.org\/blog\/wp-content\/uploads\/2022\/05\/DSC09521-red-scaled.jpg 2560w, http:\/\/lesmotifs.blogcinemacentansdejeunesse.org\/blog\/wp-content\/uploads\/2022\/05\/DSC09521-red-300x200.jpg 300w\" sizes=\"(max-width: 640px) 100vw, 640px\" \/><\/figure>\n","protected":false},"excerpt":{"rendered":"<p>Une des s\u00e9quence du film-essai se d\u00e9roule dans un parc proche de l&rsquo;\u00e9cole o\u00f9 pousse un arbre dont l&rsquo;aspect particulier et noueux est connu de tous les habitants du quartier. L&rsquo;aspect noueux de cet arbre fait \u00e9cho au trouble que &hellip; <a href=\"http:\/\/lesmotifs.blogcinemacentansdejeunesse.org\/blog\/gabrielperi\/ecole-gabriel-peri-tournage-du-film-essai\/\">Continuer la lecture <span class=\"meta-nav\">&rarr;<\/span><\/a><\/p>\n","protected":false},"author":29,"featured_media":0,"comment_status":"open","ping_status":"open","sticky":false,"template":"","format":"standard","meta":[],"categories":[26,23],"tags":[],"_links":{"self":[{"href":"http:\/\/lesmotifs.blogcinemacentansdejeunesse.org\/blog\/wp-json\/wp\/v2\/posts\/2568"}],"collection":[{"href":"http:\/\/lesmotifs.blogcinemacentansdejeunesse.org\/blog\/wp-json\/wp\/v2\/posts"}],"about":[{"href":"http:\/\/lesmotifs.blogcinemacentansdejeunesse.org\/blog\/wp-json\/wp\/v2\/types\/post"}],"author":[{"embeddable":true,"href":"http:\/\/lesmotifs.blogcinemacentansdejeunesse.org\/blog\/wp-json\/wp\/v2\/users\/29"}],"replies":[{"embeddable":true,"href":"http:\/\/lesmotifs.blogcinemacentansdejeunesse.org\/blog\/wp-json\/wp\/v2\/comments?post=2568"}],"version-history":[{"count":1,"href":"http:\/\/lesmotifs.blogcinemacentansdejeunesse.org\/blog\/wp-json\/wp\/v2\/posts\/2568\/revisions"}],"predecessor-version":[{"id":2572,"href":"http:\/\/lesmotifs.blogcinemacentansdejeunesse.org\/blog\/wp-json\/wp\/v2\/posts\/2568\/revisions\/2572"}],"wp:attachment":[{"href":"http:\/\/lesmotifs.blogcinemacentansdejeunesse.org\/blog\/wp-json\/wp\/v2\/media?parent=2568"}],"wp:term":[{"taxonomy":"category","embeddable":true,"href":"http:\/\/lesmotifs.blogcinemacentansdejeunesse.org\/blog\/wp-json\/wp\/v2\/categories?post=2568"},{"taxonomy":"post_tag","embeddable":true,"href":"http:\/\/lesmotifs.blogcinemacentansdejeunesse.org\/blog\/wp-json\/wp\/v2\/tags?post=2568"}],"curies":[{"name":"wp","href":"https:\/\/api.w.org\/{rel}","templated":true}]}}