{"id":2555,"date":"2022-05-01T14:06:36","date_gmt":"2022-05-01T14:06:36","guid":{"rendered":"http:\/\/lesmotifs.blogcinemacentansdejeunesse.org\/blog\/?p=2555"},"modified":"2022-05-01T14:06:36","modified_gmt":"2022-05-01T14:06:36","slug":"ecole-gabriel-peri-exercice-3","status":"publish","type":"post","link":"http:\/\/lesmotifs.blogcinemacentansdejeunesse.org\/blog\/gabrielperi\/ecole-gabriel-peri-exercice-3\/","title":{"rendered":"Ecole Gabriel P\u00e9ri, exercice 3."},"content":{"rendered":"\n<p>Pour l&rsquo;exercice 3, nous avons choisi de filmer des variations autour d&rsquo;un m\u00eame motif qui joue un r\u00f4le narratif : le reflet dans une vitre. Nous avons film\u00e9 dans la classe, dans le hall de l&rsquo;\u00e9cole et sous le pr\u00e9au qui se trouve \u00e0 c\u00f4t\u00e9 des baies vitr\u00e9es du restaurant scolaire.<\/p>\n\n\n\n<figure class=\"wp-block-image size-full is-resized\"><img loading=\"lazy\" src=\"http:\/\/lesmotifs.blogcinemacentansdejeunesse.org\/blog\/wp-content\/uploads\/2022\/05\/DSC09470-red-scaled.jpg\" alt=\"\" class=\"wp-image-2556\" width=\"640\" height=\"427\" srcset=\"http:\/\/lesmotifs.blogcinemacentansdejeunesse.org\/blog\/wp-content\/uploads\/2022\/05\/DSC09470-red-scaled.jpg 2560w, http:\/\/lesmotifs.blogcinemacentansdejeunesse.org\/blog\/wp-content\/uploads\/2022\/05\/DSC09470-red-300x200.jpg 300w\" sizes=\"(max-width: 640px) 100vw, 640px\" \/><\/figure>\n\n\n\n<figure class=\"wp-block-image size-full is-resized\"><img loading=\"lazy\" src=\"http:\/\/lesmotifs.blogcinemacentansdejeunesse.org\/blog\/wp-content\/uploads\/2022\/05\/DSC09473-red-scaled.jpg\" alt=\"\" class=\"wp-image-2557\" width=\"640\" height=\"427\" srcset=\"http:\/\/lesmotifs.blogcinemacentansdejeunesse.org\/blog\/wp-content\/uploads\/2022\/05\/DSC09473-red-scaled.jpg 2560w, http:\/\/lesmotifs.blogcinemacentansdejeunesse.org\/blog\/wp-content\/uploads\/2022\/05\/DSC09473-red-300x200.jpg 300w\" sizes=\"(max-width: 640px) 100vw, 640px\" \/><\/figure>\n\n\n\n<p>Puis, nous avons mont\u00e9 les plans.<\/p>\n\n\n\n<figure class=\"wp-block-image size-full is-resized\"><img loading=\"lazy\" src=\"http:\/\/lesmotifs.blogcinemacentansdejeunesse.org\/blog\/wp-content\/uploads\/2022\/05\/DSC09480-red-scaled.jpg\" alt=\"\" class=\"wp-image-2558\" width=\"640\" height=\"427\" srcset=\"http:\/\/lesmotifs.blogcinemacentansdejeunesse.org\/blog\/wp-content\/uploads\/2022\/05\/DSC09480-red-scaled.jpg 2560w, http:\/\/lesmotifs.blogcinemacentansdejeunesse.org\/blog\/wp-content\/uploads\/2022\/05\/DSC09480-red-300x200.jpg 300w\" sizes=\"(max-width: 640px) 100vw, 640px\" \/><\/figure>\n","protected":false},"excerpt":{"rendered":"<p>Pour l&rsquo;exercice 3, nous avons choisi de filmer des variations autour d&rsquo;un m\u00eame motif qui joue un r\u00f4le narratif : le reflet dans une vitre. Nous avons film\u00e9 dans la classe, dans le hall de l&rsquo;\u00e9cole et sous le pr\u00e9au &hellip; <a href=\"http:\/\/lesmotifs.blogcinemacentansdejeunesse.org\/blog\/gabrielperi\/ecole-gabriel-peri-exercice-3\/\">Continuer la lecture <span class=\"meta-nav\">&rarr;<\/span><\/a><\/p>\n","protected":false},"author":29,"featured_media":0,"comment_status":"open","ping_status":"open","sticky":false,"template":"","format":"standard","meta":[],"categories":[26,32],"tags":[],"_links":{"self":[{"href":"http:\/\/lesmotifs.blogcinemacentansdejeunesse.org\/blog\/wp-json\/wp\/v2\/posts\/2555"}],"collection":[{"href":"http:\/\/lesmotifs.blogcinemacentansdejeunesse.org\/blog\/wp-json\/wp\/v2\/posts"}],"about":[{"href":"http:\/\/lesmotifs.blogcinemacentansdejeunesse.org\/blog\/wp-json\/wp\/v2\/types\/post"}],"author":[{"embeddable":true,"href":"http:\/\/lesmotifs.blogcinemacentansdejeunesse.org\/blog\/wp-json\/wp\/v2\/users\/29"}],"replies":[{"embeddable":true,"href":"http:\/\/lesmotifs.blogcinemacentansdejeunesse.org\/blog\/wp-json\/wp\/v2\/comments?post=2555"}],"version-history":[{"count":1,"href":"http:\/\/lesmotifs.blogcinemacentansdejeunesse.org\/blog\/wp-json\/wp\/v2\/posts\/2555\/revisions"}],"predecessor-version":[{"id":2559,"href":"http:\/\/lesmotifs.blogcinemacentansdejeunesse.org\/blog\/wp-json\/wp\/v2\/posts\/2555\/revisions\/2559"}],"wp:attachment":[{"href":"http:\/\/lesmotifs.blogcinemacentansdejeunesse.org\/blog\/wp-json\/wp\/v2\/media?parent=2555"}],"wp:term":[{"taxonomy":"category","embeddable":true,"href":"http:\/\/lesmotifs.blogcinemacentansdejeunesse.org\/blog\/wp-json\/wp\/v2\/categories?post=2555"},{"taxonomy":"post_tag","embeddable":true,"href":"http:\/\/lesmotifs.blogcinemacentansdejeunesse.org\/blog\/wp-json\/wp\/v2\/tags?post=2555"}],"curies":[{"name":"wp","href":"https:\/\/api.w.org\/{rel}","templated":true}]}}