{"id":2529,"date":"2022-05-01T13:28:42","date_gmt":"2022-05-01T13:28:42","guid":{"rendered":"http:\/\/lesmotifs.blogcinemacentansdejeunesse.org\/blog\/?p=2529"},"modified":"2022-05-01T13:54:39","modified_gmt":"2022-05-01T13:54:39","slug":"projection-a-mon-cine-pour-les-ateliers-de-grenoble","status":"publish","type":"post","link":"http:\/\/lesmotifs.blogcinemacentansdejeunesse.org\/blog\/gabrielperi\/projection-a-mon-cine-pour-les-ateliers-de-grenoble\/","title":{"rendered":"Projection \u00e0 Mon Cin\u00e9 pour les ateliers de Grenoble."},"content":{"rendered":"\n<figure class=\"wp-block-image size-full\"><img loading=\"lazy\" width=\"500\" height=\"750\" src=\"http:\/\/lesmotifs.blogcinemacentansdejeunesse.org\/blog\/wp-content\/uploads\/2022\/05\/ou-est-la-maison-3-red.jpg\" alt=\"\" class=\"wp-image-2530\" srcset=\"http:\/\/lesmotifs.blogcinemacentansdejeunesse.org\/blog\/wp-content\/uploads\/2022\/05\/ou-est-la-maison-3-red.jpg 500w, http:\/\/lesmotifs.blogcinemacentansdejeunesse.org\/blog\/wp-content\/uploads\/2022\/05\/ou-est-la-maison-3-red-200x300.jpg 200w\" sizes=\"(max-width: 500px) 100vw, 500px\" \/><\/figure>\n\n\n\n<p>Les \u00e9l\u00e8ves du lyc\u00e9e Champollion de Grenoble et de l&rsquo;\u00e9cole Gabriel P\u00e9ri de Saint Martin d&rsquo;H\u00e8res se sont retrouv\u00e9s fin d\u00e9cembre \u00e0 Mon Cin\u00e9 pour la projection du film d&rsquo;Abbas Kiarostami. C&rsquo;\u00e9tait l&rsquo;occasion de d\u00e9couvrir l&rsquo;importance du th\u00e8me du motif dans l&rsquo;oeuvre du cin\u00e9aste.<\/p>\n\n\n\n<figure class=\"wp-block-image size-full is-resized\"><img loading=\"lazy\" src=\"http:\/\/lesmotifs.blogcinemacentansdejeunesse.org\/blog\/wp-content\/uploads\/2022\/05\/DSC05176-red-1-scaled.jpg\" alt=\"\" class=\"wp-image-2538\" width=\"640\" height=\"427\" srcset=\"http:\/\/lesmotifs.blogcinemacentansdejeunesse.org\/blog\/wp-content\/uploads\/2022\/05\/DSC05176-red-1-scaled.jpg 2560w, http:\/\/lesmotifs.blogcinemacentansdejeunesse.org\/blog\/wp-content\/uploads\/2022\/05\/DSC05176-red-1-300x200.jpg 300w\" sizes=\"(max-width: 640px) 100vw, 640px\" \/><\/figure>\n","protected":false},"excerpt":{"rendered":"<p>Les \u00e9l\u00e8ves du lyc\u00e9e Champollion de Grenoble et de l&rsquo;\u00e9cole Gabriel P\u00e9ri de Saint Martin d&rsquo;H\u00e8res se sont retrouv\u00e9s fin d\u00e9cembre \u00e0 Mon Cin\u00e9 pour la projection du film d&rsquo;Abbas Kiarostami. C&rsquo;\u00e9tait l&rsquo;occasion de d\u00e9couvrir l&rsquo;importance du th\u00e8me du motif &hellip; <a href=\"http:\/\/lesmotifs.blogcinemacentansdejeunesse.org\/blog\/gabrielperi\/projection-a-mon-cine-pour-les-ateliers-de-grenoble\/\">Continuer la lecture <span class=\"meta-nav\">&rarr;<\/span><\/a><\/p>\n","protected":false},"author":29,"featured_media":0,"comment_status":"open","ping_status":"open","sticky":false,"template":"","format":"standard","meta":[],"categories":[27],"tags":[],"_links":{"self":[{"href":"http:\/\/lesmotifs.blogcinemacentansdejeunesse.org\/blog\/wp-json\/wp\/v2\/posts\/2529"}],"collection":[{"href":"http:\/\/lesmotifs.blogcinemacentansdejeunesse.org\/blog\/wp-json\/wp\/v2\/posts"}],"about":[{"href":"http:\/\/lesmotifs.blogcinemacentansdejeunesse.org\/blog\/wp-json\/wp\/v2\/types\/post"}],"author":[{"embeddable":true,"href":"http:\/\/lesmotifs.blogcinemacentansdejeunesse.org\/blog\/wp-json\/wp\/v2\/users\/29"}],"replies":[{"embeddable":true,"href":"http:\/\/lesmotifs.blogcinemacentansdejeunesse.org\/blog\/wp-json\/wp\/v2\/comments?post=2529"}],"version-history":[{"count":6,"href":"http:\/\/lesmotifs.blogcinemacentansdejeunesse.org\/blog\/wp-json\/wp\/v2\/posts\/2529\/revisions"}],"predecessor-version":[{"id":2553,"href":"http:\/\/lesmotifs.blogcinemacentansdejeunesse.org\/blog\/wp-json\/wp\/v2\/posts\/2529\/revisions\/2553"}],"wp:attachment":[{"href":"http:\/\/lesmotifs.blogcinemacentansdejeunesse.org\/blog\/wp-json\/wp\/v2\/media?parent=2529"}],"wp:term":[{"taxonomy":"category","embeddable":true,"href":"http:\/\/lesmotifs.blogcinemacentansdejeunesse.org\/blog\/wp-json\/wp\/v2\/categories?post=2529"},{"taxonomy":"post_tag","embeddable":true,"href":"http:\/\/lesmotifs.blogcinemacentansdejeunesse.org\/blog\/wp-json\/wp\/v2\/tags?post=2529"}],"curies":[{"name":"wp","href":"https:\/\/api.w.org\/{rel}","templated":true}]}}