{"id":2317,"date":"2022-04-18T10:21:29","date_gmt":"2022-04-18T10:21:29","guid":{"rendered":"http:\/\/lesmotifs.blogcinemacentansdejeunesse.org\/blog\/?p=2317"},"modified":"2022-04-18T10:21:30","modified_gmt":"2022-04-18T10:21:30","slug":"exercicio-2-escolha-e-combinacao-de-motivos-2","status":"publish","type":"post","link":"http:\/\/lesmotifs.blogcinemacentansdejeunesse.org\/blog\/alorna\/exercicio-2-escolha-e-combinacao-de-motivos-2\/","title":{"rendered":"Exerc\u00edcio 2. Escolha e combina\u00e7\u00e3o de motivos"},"content":{"rendered":"\n<figure class=\"wp-block-image size-large is-resized\"><img loading=\"lazy\" src=\"http:\/\/lesmotifs.blogcinemacentansdejeunesse.org\/blog\/wp-content\/uploads\/2022\/04\/20211216-CCAJ-Marquesa-de-Alorna-4a-Sessa\u0303o_PC160009-1024x682.jpg\" alt=\"\" class=\"wp-image-2318\" width=\"667\" height=\"444\" srcset=\"http:\/\/lesmotifs.blogcinemacentansdejeunesse.org\/blog\/wp-content\/uploads\/2022\/04\/20211216-CCAJ-Marquesa-de-Alorna-4a-Sessa\u0303o_PC160009-1024x682.jpg 1024w, http:\/\/lesmotifs.blogcinemacentansdejeunesse.org\/blog\/wp-content\/uploads\/2022\/04\/20211216-CCAJ-Marquesa-de-Alorna-4a-Sessa\u0303o_PC160009-300x200.jpg 300w, http:\/\/lesmotifs.blogcinemacentansdejeunesse.org\/blog\/wp-content\/uploads\/2022\/04\/20211216-CCAJ-Marquesa-de-Alorna-4a-Sessa\u0303o_PC160009-768x512.jpg 768w, http:\/\/lesmotifs.blogcinemacentansdejeunesse.org\/blog\/wp-content\/uploads\/2022\/04\/20211216-CCAJ-Marquesa-de-Alorna-4a-Sessa\u0303o_PC160009.jpg 1280w\" sizes=\"(max-width: 667px) 100vw, 667px\" \/><\/figure>\n\n\n\n<p><\/p>\n\n\n\n<figure class=\"wp-block-image size-large is-resized\"><img loading=\"lazy\" src=\"http:\/\/lesmotifs.blogcinemacentansdejeunesse.org\/blog\/wp-content\/uploads\/2022\/04\/20211216-CCAJ-Marquesa-de-Alorna-4a-Sessa\u0303o_PC160011-1024x682.jpg\" alt=\"\" class=\"wp-image-2319\" width=\"667\" height=\"444\" srcset=\"http:\/\/lesmotifs.blogcinemacentansdejeunesse.org\/blog\/wp-content\/uploads\/2022\/04\/20211216-CCAJ-Marquesa-de-Alorna-4a-Sessa\u0303o_PC160011-1024x682.jpg 1024w, http:\/\/lesmotifs.blogcinemacentansdejeunesse.org\/blog\/wp-content\/uploads\/2022\/04\/20211216-CCAJ-Marquesa-de-Alorna-4a-Sessa\u0303o_PC160011-300x200.jpg 300w, http:\/\/lesmotifs.blogcinemacentansdejeunesse.org\/blog\/wp-content\/uploads\/2022\/04\/20211216-CCAJ-Marquesa-de-Alorna-4a-Sessa\u0303o_PC160011-768x512.jpg 768w, http:\/\/lesmotifs.blogcinemacentansdejeunesse.org\/blog\/wp-content\/uploads\/2022\/04\/20211216-CCAJ-Marquesa-de-Alorna-4a-Sessa\u0303o_PC160011.jpg 1280w\" sizes=\"(max-width: 667px) 100vw, 667px\" \/><\/figure>\n\n\n\n<p>Entrada da Escola, \u00e1rvore de Natal\u00a0 . \u00ab\u00a0Simboliza o natal. \u00c9 bonita porque tem uma estrela e luzes.\u00a0\u00bb Lia<\/p>\n\n\n\n<p>School entrance, Christmas tree . \u00ab\u00a0It symbolizes Christmas. It&rsquo;s beautiful because it has a star and lights.\u00a0\u00bb Lia<\/p>\n\n\n\n<figure class=\"wp-block-image size-large is-resized\"><img loading=\"lazy\" src=\"http:\/\/lesmotifs.blogcinemacentansdejeunesse.org\/blog\/wp-content\/uploads\/2022\/04\/20211216-CCAJ-Marquesa-de-Alorna-4a-Sessa\u0303o_PC160019-1024x682.jpg\" alt=\"\" class=\"wp-image-2320\" width=\"668\" height=\"445\" srcset=\"http:\/\/lesmotifs.blogcinemacentansdejeunesse.org\/blog\/wp-content\/uploads\/2022\/04\/20211216-CCAJ-Marquesa-de-Alorna-4a-Sessa\u0303o_PC160019-1024x682.jpg 1024w, http:\/\/lesmotifs.blogcinemacentansdejeunesse.org\/blog\/wp-content\/uploads\/2022\/04\/20211216-CCAJ-Marquesa-de-Alorna-4a-Sessa\u0303o_PC160019-300x200.jpg 300w, http:\/\/lesmotifs.blogcinemacentansdejeunesse.org\/blog\/wp-content\/uploads\/2022\/04\/20211216-CCAJ-Marquesa-de-Alorna-4a-Sessa\u0303o_PC160019-768x512.jpg 768w, http:\/\/lesmotifs.blogcinemacentansdejeunesse.org\/blog\/wp-content\/uploads\/2022\/04\/20211216-CCAJ-Marquesa-de-Alorna-4a-Sessa\u0303o_PC160019.jpg 1280w\" sizes=\"(max-width: 668px) 100vw, 668px\" \/><\/figure>\n\n\n\n<figure class=\"wp-block-image size-large is-resized\"><img loading=\"lazy\" src=\"http:\/\/lesmotifs.blogcinemacentansdejeunesse.org\/blog\/wp-content\/uploads\/2022\/04\/20211216-CCAJ-Marquesa-de-Alorna-4a-Sessa\u0303o_PC160033-1024x682.jpg\" alt=\"\" class=\"wp-image-2321\" width=\"667\" height=\"444\" srcset=\"http:\/\/lesmotifs.blogcinemacentansdejeunesse.org\/blog\/wp-content\/uploads\/2022\/04\/20211216-CCAJ-Marquesa-de-Alorna-4a-Sessa\u0303o_PC160033-1024x682.jpg 1024w, http:\/\/lesmotifs.blogcinemacentansdejeunesse.org\/blog\/wp-content\/uploads\/2022\/04\/20211216-CCAJ-Marquesa-de-Alorna-4a-Sessa\u0303o_PC160033-300x200.jpg 300w, http:\/\/lesmotifs.blogcinemacentansdejeunesse.org\/blog\/wp-content\/uploads\/2022\/04\/20211216-CCAJ-Marquesa-de-Alorna-4a-Sessa\u0303o_PC160033-768x512.jpg 768w, http:\/\/lesmotifs.blogcinemacentansdejeunesse.org\/blog\/wp-content\/uploads\/2022\/04\/20211216-CCAJ-Marquesa-de-Alorna-4a-Sessa\u0303o_PC160033.jpg 1280w\" sizes=\"(max-width: 667px) 100vw, 667px\" \/><\/figure>\n\n\n\n<figure class=\"wp-block-image size-large is-resized\"><img loading=\"lazy\" src=\"http:\/\/lesmotifs.blogcinemacentansdejeunesse.org\/blog\/wp-content\/uploads\/2022\/04\/20211216-CCAJ-Marquesa-de-Alorna-4a-Sessa\u0303o_PC160038-1024x682.jpg\" alt=\"\" class=\"wp-image-2322\" width=\"666\" height=\"443\" srcset=\"http:\/\/lesmotifs.blogcinemacentansdejeunesse.org\/blog\/wp-content\/uploads\/2022\/04\/20211216-CCAJ-Marquesa-de-Alorna-4a-Sessa\u0303o_PC160038-1024x682.jpg 1024w, http:\/\/lesmotifs.blogcinemacentansdejeunesse.org\/blog\/wp-content\/uploads\/2022\/04\/20211216-CCAJ-Marquesa-de-Alorna-4a-Sessa\u0303o_PC160038-300x200.jpg 300w, http:\/\/lesmotifs.blogcinemacentansdejeunesse.org\/blog\/wp-content\/uploads\/2022\/04\/20211216-CCAJ-Marquesa-de-Alorna-4a-Sessa\u0303o_PC160038-768x512.jpg 768w, http:\/\/lesmotifs.blogcinemacentansdejeunesse.org\/blog\/wp-content\/uploads\/2022\/04\/20211216-CCAJ-Marquesa-de-Alorna-4a-Sessa\u0303o_PC160038.jpg 1280w\" sizes=\"(max-width: 666px) 100vw, 666px\" \/><\/figure>\n\n\n\n<figure class=\"wp-block-image size-large is-resized\"><img loading=\"lazy\" src=\"http:\/\/lesmotifs.blogcinemacentansdejeunesse.org\/blog\/wp-content\/uploads\/2022\/04\/20211216-CCAJ-Marquesa-de-Alorna-4a-Sessa\u0303o_PC160040-1024x682.jpg\" alt=\"\" class=\"wp-image-2323\" width=\"667\" height=\"444\" srcset=\"http:\/\/lesmotifs.blogcinemacentansdejeunesse.org\/blog\/wp-content\/uploads\/2022\/04\/20211216-CCAJ-Marquesa-de-Alorna-4a-Sessa\u0303o_PC160040-1024x682.jpg 1024w, http:\/\/lesmotifs.blogcinemacentansdejeunesse.org\/blog\/wp-content\/uploads\/2022\/04\/20211216-CCAJ-Marquesa-de-Alorna-4a-Sessa\u0303o_PC160040-300x200.jpg 300w, http:\/\/lesmotifs.blogcinemacentansdejeunesse.org\/blog\/wp-content\/uploads\/2022\/04\/20211216-CCAJ-Marquesa-de-Alorna-4a-Sessa\u0303o_PC160040-768x512.jpg 768w, http:\/\/lesmotifs.blogcinemacentansdejeunesse.org\/blog\/wp-content\/uploads\/2022\/04\/20211216-CCAJ-Marquesa-de-Alorna-4a-Sessa\u0303o_PC160040.jpg 1280w\" sizes=\"(max-width: 667px) 100vw, 667px\" \/><\/figure>\n\n\n\n<p>Canoas. \u00ab\u00a0Chamam \u00e0 aten\u00e7\u00e3o porque est\u00e3o penduradas, o que n\u00e3o \u00e9 normal. Foi a DT que pintou com outros alunos.\u00a0\u00bb Francisca<\/p>\n\n\n\n<p>Canoes. \u00ab\u00a0They draw attention because they are hanging, which is not normal. It was the teacher who painted with other students.\u00a0\u00bb Francisca<\/p>\n\n\n\n<figure class=\"wp-block-image size-full\"><img loading=\"lazy\" width=\"800\" height=\"440\" src=\"http:\/\/lesmotifs.blogcinemacentansdejeunesse.org\/blog\/wp-content\/uploads\/2022\/04\/Captura-de-ecra\u0303-2022-04-14-a\u0300s-13.08.01.png\" alt=\"\" class=\"wp-image-2324\" srcset=\"http:\/\/lesmotifs.blogcinemacentansdejeunesse.org\/blog\/wp-content\/uploads\/2022\/04\/Captura-de-ecra\u0303-2022-04-14-a\u0300s-13.08.01.png 800w, http:\/\/lesmotifs.blogcinemacentansdejeunesse.org\/blog\/wp-content\/uploads\/2022\/04\/Captura-de-ecra\u0303-2022-04-14-a\u0300s-13.08.01-300x165.png 300w, http:\/\/lesmotifs.blogcinemacentansdejeunesse.org\/blog\/wp-content\/uploads\/2022\/04\/Captura-de-ecra\u0303-2022-04-14-a\u0300s-13.08.01-768x422.png 768w\" sizes=\"(max-width: 800px) 100vw, 800px\" \/><\/figure>\n\n\n\n<figure class=\"wp-block-image size-large is-resized\"><img loading=\"lazy\" src=\"http:\/\/lesmotifs.blogcinemacentansdejeunesse.org\/blog\/wp-content\/uploads\/2022\/04\/20220113-CCAJ-Marquesa-de-Alorna-5a-Sessa\u0303o_P1130049-1024x682.jpg\" alt=\"\" class=\"wp-image-2325\" width=\"668\" height=\"445\" srcset=\"http:\/\/lesmotifs.blogcinemacentansdejeunesse.org\/blog\/wp-content\/uploads\/2022\/04\/20220113-CCAJ-Marquesa-de-Alorna-5a-Sessa\u0303o_P1130049-1024x682.jpg 1024w, http:\/\/lesmotifs.blogcinemacentansdejeunesse.org\/blog\/wp-content\/uploads\/2022\/04\/20220113-CCAJ-Marquesa-de-Alorna-5a-Sessa\u0303o_P1130049-300x200.jpg 300w, http:\/\/lesmotifs.blogcinemacentansdejeunesse.org\/blog\/wp-content\/uploads\/2022\/04\/20220113-CCAJ-Marquesa-de-Alorna-5a-Sessa\u0303o_P1130049-768x512.jpg 768w, http:\/\/lesmotifs.blogcinemacentansdejeunesse.org\/blog\/wp-content\/uploads\/2022\/04\/20220113-CCAJ-Marquesa-de-Alorna-5a-Sessa\u0303o_P1130049.jpg 1280w\" sizes=\"(max-width: 668px) 100vw, 668px\" \/><\/figure>\n\n\n\n<p><\/p>\n\n\n\n<figure class=\"wp-block-image size-large is-resized\"><img loading=\"lazy\" src=\"http:\/\/lesmotifs.blogcinemacentansdejeunesse.org\/blog\/wp-content\/uploads\/2022\/04\/20220113-CCAJ-Marquesa-de-Alorna-5a-Sessa\u0303o_P1130062-1024x682.jpg\" alt=\"\" class=\"wp-image-2326\" width=\"667\" height=\"444\" srcset=\"http:\/\/lesmotifs.blogcinemacentansdejeunesse.org\/blog\/wp-content\/uploads\/2022\/04\/20220113-CCAJ-Marquesa-de-Alorna-5a-Sessa\u0303o_P1130062-1024x682.jpg 1024w, http:\/\/lesmotifs.blogcinemacentansdejeunesse.org\/blog\/wp-content\/uploads\/2022\/04\/20220113-CCAJ-Marquesa-de-Alorna-5a-Sessa\u0303o_P1130062-300x200.jpg 300w, http:\/\/lesmotifs.blogcinemacentansdejeunesse.org\/blog\/wp-content\/uploads\/2022\/04\/20220113-CCAJ-Marquesa-de-Alorna-5a-Sessa\u0303o_P1130062-768x512.jpg 768w, http:\/\/lesmotifs.blogcinemacentansdejeunesse.org\/blog\/wp-content\/uploads\/2022\/04\/20220113-CCAJ-Marquesa-de-Alorna-5a-Sessa\u0303o_P1130062.jpg 1280w\" sizes=\"(max-width: 667px) 100vw, 667px\" \/><\/figure>\n\n\n\n<figure class=\"wp-block-image size-large is-resized\"><img loading=\"lazy\" src=\"http:\/\/lesmotifs.blogcinemacentansdejeunesse.org\/blog\/wp-content\/uploads\/2022\/04\/20220113-CCAJ-Marquesa-de-Alorna-5a-Sessa\u0303o_P1130076-1024x682.jpg\" alt=\"\" class=\"wp-image-2327\" width=\"667\" height=\"444\" srcset=\"http:\/\/lesmotifs.blogcinemacentansdejeunesse.org\/blog\/wp-content\/uploads\/2022\/04\/20220113-CCAJ-Marquesa-de-Alorna-5a-Sessa\u0303o_P1130076-1024x682.jpg 1024w, http:\/\/lesmotifs.blogcinemacentansdejeunesse.org\/blog\/wp-content\/uploads\/2022\/04\/20220113-CCAJ-Marquesa-de-Alorna-5a-Sessa\u0303o_P1130076-300x200.jpg 300w, http:\/\/lesmotifs.blogcinemacentansdejeunesse.org\/blog\/wp-content\/uploads\/2022\/04\/20220113-CCAJ-Marquesa-de-Alorna-5a-Sessa\u0303o_P1130076-768x512.jpg 768w, http:\/\/lesmotifs.blogcinemacentansdejeunesse.org\/blog\/wp-content\/uploads\/2022\/04\/20220113-CCAJ-Marquesa-de-Alorna-5a-Sessa\u0303o_P1130076.jpg 1280w\" sizes=\"(max-width: 667px) 100vw, 667px\" \/><\/figure>\n\n\n\n<figure class=\"wp-block-image size-large is-resized\"><img loading=\"lazy\" src=\"http:\/\/lesmotifs.blogcinemacentansdejeunesse.org\/blog\/wp-content\/uploads\/2022\/04\/20220113-CCAJ-Marquesa-de-Alorna-5a-Sessa\u0303o_P1130091-1024x682.jpg\" alt=\"\" class=\"wp-image-2328\" width=\"665\" height=\"443\" srcset=\"http:\/\/lesmotifs.blogcinemacentansdejeunesse.org\/blog\/wp-content\/uploads\/2022\/04\/20220113-CCAJ-Marquesa-de-Alorna-5a-Sessa\u0303o_P1130091-1024x682.jpg 1024w, http:\/\/lesmotifs.blogcinemacentansdejeunesse.org\/blog\/wp-content\/uploads\/2022\/04\/20220113-CCAJ-Marquesa-de-Alorna-5a-Sessa\u0303o_P1130091-300x200.jpg 300w, http:\/\/lesmotifs.blogcinemacentansdejeunesse.org\/blog\/wp-content\/uploads\/2022\/04\/20220113-CCAJ-Marquesa-de-Alorna-5a-Sessa\u0303o_P1130091-768x512.jpg 768w, http:\/\/lesmotifs.blogcinemacentansdejeunesse.org\/blog\/wp-content\/uploads\/2022\/04\/20220113-CCAJ-Marquesa-de-Alorna-5a-Sessa\u0303o_P1130091.jpg 1280w\" sizes=\"(max-width: 665px) 100vw, 665px\" \/><\/figure>\n\n\n\n<figure class=\"wp-block-image size-large is-resized\"><img loading=\"lazy\" src=\"http:\/\/lesmotifs.blogcinemacentansdejeunesse.org\/blog\/wp-content\/uploads\/2022\/04\/20220113-CCAJ-Marquesa-de-Alorna-5a-Sessa\u0303o_P1130103-1024x682.jpg\" alt=\"\" class=\"wp-image-2329\" width=\"666\" height=\"443\" srcset=\"http:\/\/lesmotifs.blogcinemacentansdejeunesse.org\/blog\/wp-content\/uploads\/2022\/04\/20220113-CCAJ-Marquesa-de-Alorna-5a-Sessa\u0303o_P1130103-1024x682.jpg 1024w, http:\/\/lesmotifs.blogcinemacentansdejeunesse.org\/blog\/wp-content\/uploads\/2022\/04\/20220113-CCAJ-Marquesa-de-Alorna-5a-Sessa\u0303o_P1130103-300x200.jpg 300w, http:\/\/lesmotifs.blogcinemacentansdejeunesse.org\/blog\/wp-content\/uploads\/2022\/04\/20220113-CCAJ-Marquesa-de-Alorna-5a-Sessa\u0303o_P1130103-768x512.jpg 768w, http:\/\/lesmotifs.blogcinemacentansdejeunesse.org\/blog\/wp-content\/uploads\/2022\/04\/20220113-CCAJ-Marquesa-de-Alorna-5a-Sessa\u0303o_P1130103.jpg 1280w\" sizes=\"(max-width: 666px) 100vw, 666px\" \/><\/figure>\n\n\n\n<p><\/p>\n\n\n\n<figure class=\"wp-block-image size-large is-resized\"><img loading=\"lazy\" src=\"http:\/\/lesmotifs.blogcinemacentansdejeunesse.org\/blog\/wp-content\/uploads\/2022\/04\/20220113-CCAJ-Marquesa-de-Alorna-5a-Sessa\u0303o_P1130109-1024x682.jpg\" alt=\"\" class=\"wp-image-2330\" width=\"668\" height=\"445\" srcset=\"http:\/\/lesmotifs.blogcinemacentansdejeunesse.org\/blog\/wp-content\/uploads\/2022\/04\/20220113-CCAJ-Marquesa-de-Alorna-5a-Sessa\u0303o_P1130109-1024x682.jpg 1024w, http:\/\/lesmotifs.blogcinemacentansdejeunesse.org\/blog\/wp-content\/uploads\/2022\/04\/20220113-CCAJ-Marquesa-de-Alorna-5a-Sessa\u0303o_P1130109-300x200.jpg 300w, http:\/\/lesmotifs.blogcinemacentansdejeunesse.org\/blog\/wp-content\/uploads\/2022\/04\/20220113-CCAJ-Marquesa-de-Alorna-5a-Sessa\u0303o_P1130109-768x512.jpg 768w, http:\/\/lesmotifs.blogcinemacentansdejeunesse.org\/blog\/wp-content\/uploads\/2022\/04\/20220113-CCAJ-Marquesa-de-Alorna-5a-Sessa\u0303o_P1130109.jpg 1280w\" sizes=\"(max-width: 668px) 100vw, 668px\" \/><\/figure>\n","protected":false},"excerpt":{"rendered":"<p>Entrada da Escola, \u00e1rvore de Natal\u00a0 . \u00ab\u00a0Simboliza o natal. \u00c9 bonita porque tem uma estrela e luzes.\u00a0\u00bb Lia School entrance, Christmas tree . \u00ab\u00a0It symbolizes Christmas. It&rsquo;s beautiful because it has a star and lights.\u00a0\u00bb Lia Canoas. \u00ab\u00a0Chamam \u00e0 &hellip; <a href=\"http:\/\/lesmotifs.blogcinemacentansdejeunesse.org\/blog\/alorna\/exercicio-2-escolha-e-combinacao-de-motivos-2\/\">Continuer la lecture <span class=\"meta-nav\">&rarr;<\/span><\/a><\/p>\n","protected":false},"author":21,"featured_media":0,"comment_status":"open","ping_status":"open","sticky":false,"template":"","format":"standard","meta":[],"categories":[30],"tags":[],"_links":{"self":[{"href":"http:\/\/lesmotifs.blogcinemacentansdejeunesse.org\/blog\/wp-json\/wp\/v2\/posts\/2317"}],"collection":[{"href":"http:\/\/lesmotifs.blogcinemacentansdejeunesse.org\/blog\/wp-json\/wp\/v2\/posts"}],"about":[{"href":"http:\/\/lesmotifs.blogcinemacentansdejeunesse.org\/blog\/wp-json\/wp\/v2\/types\/post"}],"author":[{"embeddable":true,"href":"http:\/\/lesmotifs.blogcinemacentansdejeunesse.org\/blog\/wp-json\/wp\/v2\/users\/21"}],"replies":[{"embeddable":true,"href":"http:\/\/lesmotifs.blogcinemacentansdejeunesse.org\/blog\/wp-json\/wp\/v2\/comments?post=2317"}],"version-history":[{"count":1,"href":"http:\/\/lesmotifs.blogcinemacentansdejeunesse.org\/blog\/wp-json\/wp\/v2\/posts\/2317\/revisions"}],"predecessor-version":[{"id":2331,"href":"http:\/\/lesmotifs.blogcinemacentansdejeunesse.org\/blog\/wp-json\/wp\/v2\/posts\/2317\/revisions\/2331"}],"wp:attachment":[{"href":"http:\/\/lesmotifs.blogcinemacentansdejeunesse.org\/blog\/wp-json\/wp\/v2\/media?parent=2317"}],"wp:term":[{"taxonomy":"category","embeddable":true,"href":"http:\/\/lesmotifs.blogcinemacentansdejeunesse.org\/blog\/wp-json\/wp\/v2\/categories?post=2317"},{"taxonomy":"post_tag","embeddable":true,"href":"http:\/\/lesmotifs.blogcinemacentansdejeunesse.org\/blog\/wp-json\/wp\/v2\/tags?post=2317"}],"curies":[{"name":"wp","href":"https:\/\/api.w.org\/{rel}","templated":true}]}}