{"id":2274,"date":"2022-02-17T17:07:00","date_gmt":"2022-02-17T17:07:00","guid":{"rendered":"http:\/\/lesmotifs.blogcinemacentansdejeunesse.org\/blog\/?p=2274"},"modified":"2022-04-28T17:22:12","modified_gmt":"2022-04-28T17:22:12","slug":"o-espelho-como-motivo","status":"publish","type":"post","link":"http:\/\/lesmotifs.blogcinemacentansdejeunesse.org\/blog\/castelobranco\/o-espelho-como-motivo\/","title":{"rendered":"O Espelho como motivo."},"content":{"rendered":"\n<p>Le miroir comme motif.<\/p>\n\n\n\n<p>No dia 16 de Fevereiro come\u00e7amos por ver em conjunto a montagem do nosso segundo exerc\u00edcio que chamamos \u00ab\u00a0Lucky\u00a0\u00bb. <\/p>\n\n\n\n<p>Le 16 F\u00e9vrier on a commenc\u00e9 par voir ensemble le montage de notre deuxi\u00e8me exercice que nous avons intitul\u00e9 de \u00ab\u00a0Lucky\u00a0\u00bb.<\/p>\n\n\n\n<div class=\"wp-block-image\"><figure class=\"aligncenter size-large is-resized\"><img loading=\"lazy\" src=\"http:\/\/lesmotifs.blogcinemacentansdejeunesse.org\/blog\/wp-content\/uploads\/2022\/04\/6-P1240698-1024x576.jpg\" alt=\"\" class=\"wp-image-2261\" width=\"517\" height=\"290\" srcset=\"http:\/\/lesmotifs.blogcinemacentansdejeunesse.org\/blog\/wp-content\/uploads\/2022\/04\/6-P1240698-1024x576.jpg 1024w, http:\/\/lesmotifs.blogcinemacentansdejeunesse.org\/blog\/wp-content\/uploads\/2022\/04\/6-P1240698-300x169.jpg 300w, http:\/\/lesmotifs.blogcinemacentansdejeunesse.org\/blog\/wp-content\/uploads\/2022\/04\/6-P1240698-768x432.jpg 768w, http:\/\/lesmotifs.blogcinemacentansdejeunesse.org\/blog\/wp-content\/uploads\/2022\/04\/6-P1240698-1536x864.jpg 1536w, http:\/\/lesmotifs.blogcinemacentansdejeunesse.org\/blog\/wp-content\/uploads\/2022\/04\/6-P1240698-2048x1152.jpg 2048w\" sizes=\"(max-width: 517px) 100vw, 517px\" \/><figcaption>Lucky &#8211; segundo exerc\u00edcio do Cine-clube da P\u00f3voa de Santa Iria.<\/figcaption><\/figure><\/div>\n\n\n\n<p>Depois vimos juntos excertos de diferentes filmes que abordam o motivo do espelho que \u00edamos trabalhar em seguida. Vimos excertos de <em>Beijos Roubados<\/em> (1968)  de Fran\u00e7ois Truffaut, <em>Atr\u00e1s do Espelho<\/em> (1956) de Nicolas Ray, <em>A com\u00e9dia de Deus<\/em> (1995) de Jo\u00e3o C\u00e9sar Monteiro, <em>O cir<\/em>co (1928) de Charlie Chaplin, <em>Orph\u00e9e<\/em> (1950) de Jean Cocteau e a curta-metragem <em>Lune<\/em> (2003) de Hubert Gillet. <\/p>\n\n\n\n<div class=\"wp-block-image\"><figure class=\"aligncenter size-large is-resized\"><img loading=\"lazy\" src=\"http:\/\/lesmotifs.blogcinemacentansdejeunesse.org\/blog\/wp-content\/uploads\/2022\/04\/4-P1240695-1024x576.jpg\" alt=\"\" class=\"wp-image-2259\" width=\"529\" height=\"297\" srcset=\"http:\/\/lesmotifs.blogcinemacentansdejeunesse.org\/blog\/wp-content\/uploads\/2022\/04\/4-P1240695-1024x576.jpg 1024w, http:\/\/lesmotifs.blogcinemacentansdejeunesse.org\/blog\/wp-content\/uploads\/2022\/04\/4-P1240695-300x169.jpg 300w, http:\/\/lesmotifs.blogcinemacentansdejeunesse.org\/blog\/wp-content\/uploads\/2022\/04\/4-P1240695-768x432.jpg 768w, http:\/\/lesmotifs.blogcinemacentansdejeunesse.org\/blog\/wp-content\/uploads\/2022\/04\/4-P1240695-1536x864.jpg 1536w, http:\/\/lesmotifs.blogcinemacentansdejeunesse.org\/blog\/wp-content\/uploads\/2022\/04\/4-P1240695-2048x1152.jpg 2048w\" sizes=\"(max-width: 529px) 100vw, 529px\" \/><figcaption>Orph\u00e9e (1950) de  Jean Cocteau<\/figcaption><\/figure><\/div>\n\n\n\n<div class=\"wp-block-image\"><figure class=\"aligncenter size-large is-resized\"><img loading=\"lazy\" src=\"http:\/\/lesmotifs.blogcinemacentansdejeunesse.org\/blog\/wp-content\/uploads\/2022\/04\/5-P1240696-1024x576.jpg\" alt=\"\" class=\"wp-image-2260\" width=\"529\" height=\"297\" srcset=\"http:\/\/lesmotifs.blogcinemacentansdejeunesse.org\/blog\/wp-content\/uploads\/2022\/04\/5-P1240696-1024x576.jpg 1024w, http:\/\/lesmotifs.blogcinemacentansdejeunesse.org\/blog\/wp-content\/uploads\/2022\/04\/5-P1240696-300x169.jpg 300w, http:\/\/lesmotifs.blogcinemacentansdejeunesse.org\/blog\/wp-content\/uploads\/2022\/04\/5-P1240696-768x432.jpg 768w, http:\/\/lesmotifs.blogcinemacentansdejeunesse.org\/blog\/wp-content\/uploads\/2022\/04\/5-P1240696-1536x864.jpg 1536w, http:\/\/lesmotifs.blogcinemacentansdejeunesse.org\/blog\/wp-content\/uploads\/2022\/04\/5-P1240696-2048x1152.jpg 2048w\" sizes=\"(max-width: 529px) 100vw, 529px\" \/><figcaption>Orph\u00e9e (1950) de  Jean Cocteau<\/figcaption><\/figure><\/div>\n\n\n\n<p>Ensuite nous avons vu ensemble des extraits de dif\u00e9rents films qui abordent le motif du miroir que nous allions travailler par le suite. Nous avons vu des extraits de <em>Baisers vol\u00e9s<\/em> (1968)  de Fran\u00e7ois Truffaut, <em>Bigger than life<\/em> (1956) de Nicolas Ray, <em>A com\u00e9dia de Deus<\/em> (1995) de Jo\u00e3o C\u00e9sar Monteiro, <em>Le cirque<\/em> (1928) de Charlie Chaplin, <em>Orph\u00e9e<\/em> (1950) de Jean Cocteau et le court-m\u00e9trage <em>Lune<\/em> (2003) de Hubert Gillet. <\/p>\n\n\n\n<div class=\"wp-block-image\"><figure class=\"aligncenter size-large is-resized\"><img loading=\"lazy\" src=\"http:\/\/lesmotifs.blogcinemacentansdejeunesse.org\/blog\/wp-content\/uploads\/2022\/04\/3-P1240693-1024x576.jpg\" alt=\"\" class=\"wp-image-2258\" width=\"535\" height=\"300\" srcset=\"http:\/\/lesmotifs.blogcinemacentansdejeunesse.org\/blog\/wp-content\/uploads\/2022\/04\/3-P1240693-1024x576.jpg 1024w, http:\/\/lesmotifs.blogcinemacentansdejeunesse.org\/blog\/wp-content\/uploads\/2022\/04\/3-P1240693-300x169.jpg 300w, http:\/\/lesmotifs.blogcinemacentansdejeunesse.org\/blog\/wp-content\/uploads\/2022\/04\/3-P1240693-768x432.jpg 768w, http:\/\/lesmotifs.blogcinemacentansdejeunesse.org\/blog\/wp-content\/uploads\/2022\/04\/3-P1240693-1536x864.jpg 1536w, http:\/\/lesmotifs.blogcinemacentansdejeunesse.org\/blog\/wp-content\/uploads\/2022\/04\/3-P1240693-2048x1152.jpg 2048w\" sizes=\"(max-width: 535px) 100vw, 535px\" \/><figcaption>A Com\u00e9dia de Deus (1995) de  Jo\u00e3o C\u00e9sar Monteiro<\/figcaption><\/figure><\/div>\n\n\n\n<div class=\"wp-block-image\"><figure class=\"aligncenter size-large is-resized\"><img loading=\"lazy\" src=\"http:\/\/lesmotifs.blogcinemacentansdejeunesse.org\/blog\/wp-content\/uploads\/2022\/04\/1-P1240679-1024x576.jpg\" alt=\"\" class=\"wp-image-2256\" width=\"535\" height=\"300\" srcset=\"http:\/\/lesmotifs.blogcinemacentansdejeunesse.org\/blog\/wp-content\/uploads\/2022\/04\/1-P1240679-1024x576.jpg 1024w, http:\/\/lesmotifs.blogcinemacentansdejeunesse.org\/blog\/wp-content\/uploads\/2022\/04\/1-P1240679-300x169.jpg 300w, http:\/\/lesmotifs.blogcinemacentansdejeunesse.org\/blog\/wp-content\/uploads\/2022\/04\/1-P1240679-768x432.jpg 768w, http:\/\/lesmotifs.blogcinemacentansdejeunesse.org\/blog\/wp-content\/uploads\/2022\/04\/1-P1240679-1536x864.jpg 1536w, http:\/\/lesmotifs.blogcinemacentansdejeunesse.org\/blog\/wp-content\/uploads\/2022\/04\/1-P1240679-2048x1152.jpg 2048w\" sizes=\"(max-width: 535px) 100vw, 535px\" \/><figcaption>Lune (2003) de Hubert Gillet<\/figcaption><\/figure><\/div>\n\n\n\n<div class=\"wp-block-image\"><figure class=\"aligncenter size-large is-resized\"><img loading=\"lazy\" src=\"http:\/\/lesmotifs.blogcinemacentansdejeunesse.org\/blog\/wp-content\/uploads\/2022\/04\/2-P1240684-1024x576.jpg\" alt=\"\" class=\"wp-image-2257\" width=\"536\" height=\"301\" srcset=\"http:\/\/lesmotifs.blogcinemacentansdejeunesse.org\/blog\/wp-content\/uploads\/2022\/04\/2-P1240684-1024x576.jpg 1024w, http:\/\/lesmotifs.blogcinemacentansdejeunesse.org\/blog\/wp-content\/uploads\/2022\/04\/2-P1240684-300x169.jpg 300w, http:\/\/lesmotifs.blogcinemacentansdejeunesse.org\/blog\/wp-content\/uploads\/2022\/04\/2-P1240684-768x432.jpg 768w, http:\/\/lesmotifs.blogcinemacentansdejeunesse.org\/blog\/wp-content\/uploads\/2022\/04\/2-P1240684-1536x864.jpg 1536w, http:\/\/lesmotifs.blogcinemacentansdejeunesse.org\/blog\/wp-content\/uploads\/2022\/04\/2-P1240684-2048x1152.jpg 2048w\" sizes=\"(max-width: 536px) 100vw, 536px\" \/><figcaption>Lune (2003) de  Hubert Gillet<\/figcaption><\/figure><\/div>\n\n\n\n<p>Para preparar-nos para o pr\u00f3ximo encontro em que iremos rodar o segundo exerc\u00edcio em torno do motivo do espelho, film\u00e1mos juntos v\u00e1rios planos com os nossos smartphone usando os espelhos que a nossa realizadora, a Anna da Palma nos trouxe. Aqui est\u00e3o umas fotografias das nossas tentativas. <\/p>\n\n\n\n<div class=\"wp-block-image\"><figure class=\"aligncenter size-large is-resized\"><img loading=\"lazy\" src=\"http:\/\/lesmotifs.blogcinemacentansdejeunesse.org\/blog\/wp-content\/uploads\/2022\/04\/8-P1240706-1024x576.jpg\" alt=\"\" class=\"wp-image-2263\" width=\"546\" height=\"306\" srcset=\"http:\/\/lesmotifs.blogcinemacentansdejeunesse.org\/blog\/wp-content\/uploads\/2022\/04\/8-P1240706-1024x576.jpg 1024w, http:\/\/lesmotifs.blogcinemacentansdejeunesse.org\/blog\/wp-content\/uploads\/2022\/04\/8-P1240706-300x169.jpg 300w, http:\/\/lesmotifs.blogcinemacentansdejeunesse.org\/blog\/wp-content\/uploads\/2022\/04\/8-P1240706-768x432.jpg 768w, http:\/\/lesmotifs.blogcinemacentansdejeunesse.org\/blog\/wp-content\/uploads\/2022\/04\/8-P1240706-1536x864.jpg 1536w, http:\/\/lesmotifs.blogcinemacentansdejeunesse.org\/blog\/wp-content\/uploads\/2022\/04\/8-P1240706-2048x1152.jpg 2048w\" sizes=\"(max-width: 546px) 100vw, 546px\" \/><\/figure><\/div>\n\n\n\n<div class=\"wp-block-image\"><figure class=\"aligncenter size-large is-resized\"><img loading=\"lazy\" src=\"http:\/\/lesmotifs.blogcinemacentansdejeunesse.org\/blog\/wp-content\/uploads\/2022\/04\/18-P1240749-1024x576.jpg\" alt=\"\" class=\"wp-image-2273\" width=\"546\" height=\"306\" srcset=\"http:\/\/lesmotifs.blogcinemacentansdejeunesse.org\/blog\/wp-content\/uploads\/2022\/04\/18-P1240749-1024x576.jpg 1024w, http:\/\/lesmotifs.blogcinemacentansdejeunesse.org\/blog\/wp-content\/uploads\/2022\/04\/18-P1240749-300x169.jpg 300w, http:\/\/lesmotifs.blogcinemacentansdejeunesse.org\/blog\/wp-content\/uploads\/2022\/04\/18-P1240749-768x432.jpg 768w, http:\/\/lesmotifs.blogcinemacentansdejeunesse.org\/blog\/wp-content\/uploads\/2022\/04\/18-P1240749-1536x864.jpg 1536w, http:\/\/lesmotifs.blogcinemacentansdejeunesse.org\/blog\/wp-content\/uploads\/2022\/04\/18-P1240749-2048x1152.jpg 2048w\" sizes=\"(max-width: 546px) 100vw, 546px\" \/><\/figure><\/div>\n\n\n\n<div class=\"wp-block-image\"><figure class=\"aligncenter size-large is-resized\"><img loading=\"lazy\" src=\"http:\/\/lesmotifs.blogcinemacentansdejeunesse.org\/blog\/wp-content\/uploads\/2022\/04\/9-P1240716-1024x576.jpg\" alt=\"\" class=\"wp-image-2264\" width=\"551\" height=\"309\" srcset=\"http:\/\/lesmotifs.blogcinemacentansdejeunesse.org\/blog\/wp-content\/uploads\/2022\/04\/9-P1240716-1024x576.jpg 1024w, http:\/\/lesmotifs.blogcinemacentansdejeunesse.org\/blog\/wp-content\/uploads\/2022\/04\/9-P1240716-300x169.jpg 300w, http:\/\/lesmotifs.blogcinemacentansdejeunesse.org\/blog\/wp-content\/uploads\/2022\/04\/9-P1240716-768x432.jpg 768w, http:\/\/lesmotifs.blogcinemacentansdejeunesse.org\/blog\/wp-content\/uploads\/2022\/04\/9-P1240716-1536x864.jpg 1536w, http:\/\/lesmotifs.blogcinemacentansdejeunesse.org\/blog\/wp-content\/uploads\/2022\/04\/9-P1240716-2048x1152.jpg 2048w\" sizes=\"(max-width: 551px) 100vw, 551px\" \/><\/figure><\/div>\n\n\n\n<div class=\"wp-block-image\"><figure class=\"aligncenter size-large is-resized\"><img loading=\"lazy\" src=\"http:\/\/lesmotifs.blogcinemacentansdejeunesse.org\/blog\/wp-content\/uploads\/2022\/04\/11-P1240724-1024x576.jpg\" alt=\"\" class=\"wp-image-2266\" width=\"552\" height=\"310\" srcset=\"http:\/\/lesmotifs.blogcinemacentansdejeunesse.org\/blog\/wp-content\/uploads\/2022\/04\/11-P1240724-1024x576.jpg 1024w, http:\/\/lesmotifs.blogcinemacentansdejeunesse.org\/blog\/wp-content\/uploads\/2022\/04\/11-P1240724-300x169.jpg 300w, http:\/\/lesmotifs.blogcinemacentansdejeunesse.org\/blog\/wp-content\/uploads\/2022\/04\/11-P1240724-768x432.jpg 768w, http:\/\/lesmotifs.blogcinemacentansdejeunesse.org\/blog\/wp-content\/uploads\/2022\/04\/11-P1240724-1536x864.jpg 1536w, http:\/\/lesmotifs.blogcinemacentansdejeunesse.org\/blog\/wp-content\/uploads\/2022\/04\/11-P1240724-2048x1152.jpg 2048w\" sizes=\"(max-width: 552px) 100vw, 552px\" \/><\/figure><\/div>\n\n\n\n<p>Pour nous pr\u00e9parer pour notre prochaine rencontre o\u00f9 nous allons tourner le deuxi\u00e8me exercice autour du motif du miroir, nous avons film\u00e9 diff\u00e9rents plans ensemble, chacun avec son smartphone et avec les diff\u00e9rents miroirs que notre r\u00e9alisatrice, Anna Da Palma nous avait amen\u00e9. Voici quelques photos de nos tentatives.<\/p>\n\n\n\n<div class=\"wp-block-image\"><figure class=\"aligncenter size-large is-resized\"><img loading=\"lazy\" src=\"http:\/\/lesmotifs.blogcinemacentansdejeunesse.org\/blog\/wp-content\/uploads\/2022\/04\/13-P1240728-1024x576.jpg\" alt=\"\" class=\"wp-image-2268\" width=\"556\" height=\"312\" srcset=\"http:\/\/lesmotifs.blogcinemacentansdejeunesse.org\/blog\/wp-content\/uploads\/2022\/04\/13-P1240728-1024x576.jpg 1024w, http:\/\/lesmotifs.blogcinemacentansdejeunesse.org\/blog\/wp-content\/uploads\/2022\/04\/13-P1240728-300x169.jpg 300w, http:\/\/lesmotifs.blogcinemacentansdejeunesse.org\/blog\/wp-content\/uploads\/2022\/04\/13-P1240728-768x432.jpg 768w, http:\/\/lesmotifs.blogcinemacentansdejeunesse.org\/blog\/wp-content\/uploads\/2022\/04\/13-P1240728-1536x864.jpg 1536w, http:\/\/lesmotifs.blogcinemacentansdejeunesse.org\/blog\/wp-content\/uploads\/2022\/04\/13-P1240728-2048x1152.jpg 2048w\" sizes=\"(max-width: 556px) 100vw, 556px\" \/><\/figure><\/div>\n\n\n\n<div class=\"wp-block-image\"><figure class=\"aligncenter size-large is-resized\"><img loading=\"lazy\" src=\"http:\/\/lesmotifs.blogcinemacentansdejeunesse.org\/blog\/wp-content\/uploads\/2022\/04\/14-P1240734-1024x576.jpg\" alt=\"\" class=\"wp-image-2269\" width=\"554\" height=\"311\" srcset=\"http:\/\/lesmotifs.blogcinemacentansdejeunesse.org\/blog\/wp-content\/uploads\/2022\/04\/14-P1240734-1024x576.jpg 1024w, http:\/\/lesmotifs.blogcinemacentansdejeunesse.org\/blog\/wp-content\/uploads\/2022\/04\/14-P1240734-300x169.jpg 300w, http:\/\/lesmotifs.blogcinemacentansdejeunesse.org\/blog\/wp-content\/uploads\/2022\/04\/14-P1240734-768x432.jpg 768w, http:\/\/lesmotifs.blogcinemacentansdejeunesse.org\/blog\/wp-content\/uploads\/2022\/04\/14-P1240734-1536x864.jpg 1536w, http:\/\/lesmotifs.blogcinemacentansdejeunesse.org\/blog\/wp-content\/uploads\/2022\/04\/14-P1240734-2048x1152.jpg 2048w\" sizes=\"(max-width: 554px) 100vw, 554px\" \/><\/figure><\/div>\n\n\n\n<div class=\"wp-block-image\"><figure class=\"aligncenter size-large is-resized\"><img loading=\"lazy\" src=\"http:\/\/lesmotifs.blogcinemacentansdejeunesse.org\/blog\/wp-content\/uploads\/2022\/04\/15-P1240737-1024x576.jpg\" alt=\"\" class=\"wp-image-2270\" width=\"555\" height=\"311\" srcset=\"http:\/\/lesmotifs.blogcinemacentansdejeunesse.org\/blog\/wp-content\/uploads\/2022\/04\/15-P1240737-1024x576.jpg 1024w, http:\/\/lesmotifs.blogcinemacentansdejeunesse.org\/blog\/wp-content\/uploads\/2022\/04\/15-P1240737-300x169.jpg 300w, http:\/\/lesmotifs.blogcinemacentansdejeunesse.org\/blog\/wp-content\/uploads\/2022\/04\/15-P1240737-768x432.jpg 768w, http:\/\/lesmotifs.blogcinemacentansdejeunesse.org\/blog\/wp-content\/uploads\/2022\/04\/15-P1240737-1536x864.jpg 1536w, http:\/\/lesmotifs.blogcinemacentansdejeunesse.org\/blog\/wp-content\/uploads\/2022\/04\/15-P1240737-2048x1152.jpg 2048w\" sizes=\"(max-width: 555px) 100vw, 555px\" \/><\/figure><\/div>\n\n\n\n<div class=\"wp-block-image\"><figure class=\"aligncenter size-large is-resized\"><img loading=\"lazy\" src=\"http:\/\/lesmotifs.blogcinemacentansdejeunesse.org\/blog\/wp-content\/uploads\/2022\/04\/17-P1240747-1024x576.jpg\" alt=\"\" class=\"wp-image-2272\" width=\"557\" height=\"312\" srcset=\"http:\/\/lesmotifs.blogcinemacentansdejeunesse.org\/blog\/wp-content\/uploads\/2022\/04\/17-P1240747-1024x576.jpg 1024w, http:\/\/lesmotifs.blogcinemacentansdejeunesse.org\/blog\/wp-content\/uploads\/2022\/04\/17-P1240747-300x169.jpg 300w, http:\/\/lesmotifs.blogcinemacentansdejeunesse.org\/blog\/wp-content\/uploads\/2022\/04\/17-P1240747-768x432.jpg 768w, http:\/\/lesmotifs.blogcinemacentansdejeunesse.org\/blog\/wp-content\/uploads\/2022\/04\/17-P1240747-1536x864.jpg 1536w, http:\/\/lesmotifs.blogcinemacentansdejeunesse.org\/blog\/wp-content\/uploads\/2022\/04\/17-P1240747-2048x1152.jpg 2048w\" sizes=\"(max-width: 557px) 100vw, 557px\" \/><\/figure><\/div>\n","protected":false},"excerpt":{"rendered":"<p>Le miroir comme motif. No dia 16 de Fevereiro come\u00e7amos por ver em conjunto a montagem do nosso segundo exerc\u00edcio que chamamos \u00ab\u00a0Lucky\u00a0\u00bb. Le 16 F\u00e9vrier on a commenc\u00e9 par voir ensemble le montage de notre deuxi\u00e8me exercice que nous &hellip; <a href=\"http:\/\/lesmotifs.blogcinemacentansdejeunesse.org\/blog\/castelobranco\/o-espelho-como-motivo\/\">Continuer la lecture <span class=\"meta-nav\">&rarr;<\/span><\/a><\/p>\n","protected":false},"author":22,"featured_media":0,"comment_status":"open","ping_status":"open","sticky":false,"template":"","format":"standard","meta":[],"categories":[26,1,27],"tags":[],"_links":{"self":[{"href":"http:\/\/lesmotifs.blogcinemacentansdejeunesse.org\/blog\/wp-json\/wp\/v2\/posts\/2274"}],"collection":[{"href":"http:\/\/lesmotifs.blogcinemacentansdejeunesse.org\/blog\/wp-json\/wp\/v2\/posts"}],"about":[{"href":"http:\/\/lesmotifs.blogcinemacentansdejeunesse.org\/blog\/wp-json\/wp\/v2\/types\/post"}],"author":[{"embeddable":true,"href":"http:\/\/lesmotifs.blogcinemacentansdejeunesse.org\/blog\/wp-json\/wp\/v2\/users\/22"}],"replies":[{"embeddable":true,"href":"http:\/\/lesmotifs.blogcinemacentansdejeunesse.org\/blog\/wp-json\/wp\/v2\/comments?post=2274"}],"version-history":[{"count":6,"href":"http:\/\/lesmotifs.blogcinemacentansdejeunesse.org\/blog\/wp-json\/wp\/v2\/posts\/2274\/revisions"}],"predecessor-version":[{"id":2291,"href":"http:\/\/lesmotifs.blogcinemacentansdejeunesse.org\/blog\/wp-json\/wp\/v2\/posts\/2274\/revisions\/2291"}],"wp:attachment":[{"href":"http:\/\/lesmotifs.blogcinemacentansdejeunesse.org\/blog\/wp-json\/wp\/v2\/media?parent=2274"}],"wp:term":[{"taxonomy":"category","embeddable":true,"href":"http:\/\/lesmotifs.blogcinemacentansdejeunesse.org\/blog\/wp-json\/wp\/v2\/categories?post=2274"},{"taxonomy":"post_tag","embeddable":true,"href":"http:\/\/lesmotifs.blogcinemacentansdejeunesse.org\/blog\/wp-json\/wp\/v2\/tags?post=2274"}],"curies":[{"name":"wp","href":"https:\/\/api.w.org\/{rel}","templated":true}]}}