{"id":2247,"date":"2022-04-07T16:04:22","date_gmt":"2022-04-07T16:04:22","guid":{"rendered":"http:\/\/lesmotifs.blogcinemacentansdejeunesse.org\/blog\/?p=2247"},"modified":"2022-04-07T16:04:23","modified_gmt":"2022-04-07T16:04:23","slug":"2eme-mobilisation-pour-financer-notre-deplacement-a-paris-en-juin","status":"publish","type":"post","link":"http:\/\/lesmotifs.blogcinemacentansdejeunesse.org\/blog\/champollion\/2eme-mobilisation-pour-financer-notre-deplacement-a-paris-en-juin\/","title":{"rendered":"2\u00e8me mobilisation pour financer notre d\u00e9placement \u00e0 Paris en juin"},"content":{"rendered":"\n<p>Nous avons profit\u00e9 de la JPO des classes pr\u00e9paratoires de notre \u00e9tablissement pour nous mobiliser \u00e0 nouveau dans la vente de viennoiseries afin d&rsquo;avoir des chances d&rsquo;aller \u00e0 Paris en juin. ( toute la classe !)<\/p>\n\n\n\n<figure class=\"wp-block-image size-large is-resized\"><img loading=\"lazy\" src=\"http:\/\/lesmotifs.blogcinemacentansdejeunesse.org\/blog\/wp-content\/uploads\/2022\/04\/victor-swann-ahmad-1024x768.png\" alt=\"\" class=\"wp-image-2250\" width=\"536\" height=\"401\" srcset=\"http:\/\/lesmotifs.blogcinemacentansdejeunesse.org\/blog\/wp-content\/uploads\/2022\/04\/victor-swann-ahmad-1024x768.png 1024w, http:\/\/lesmotifs.blogcinemacentansdejeunesse.org\/blog\/wp-content\/uploads\/2022\/04\/victor-swann-ahmad-300x225.png 300w, http:\/\/lesmotifs.blogcinemacentansdejeunesse.org\/blog\/wp-content\/uploads\/2022\/04\/victor-swann-ahmad-768x576.png 768w, http:\/\/lesmotifs.blogcinemacentansdejeunesse.org\/blog\/wp-content\/uploads\/2022\/04\/victor-swann-ahmad.png 1500w\" sizes=\"(max-width: 536px) 100vw, 536px\" \/><figcaption>Premi\u00e8re \u00e9quipe: Artesa, Victor, Swann, Ahmad<\/figcaption><\/figure>\n\n\n\n<figure class=\"wp-block-image size-large is-resized\"><img loading=\"lazy\" src=\"http:\/\/lesmotifs.blogcinemacentansdejeunesse.org\/blog\/wp-content\/uploads\/2022\/04\/lalie-nina-roxane-artsea-1024x769.png\" alt=\"\" class=\"wp-image-2249\" width=\"537\" height=\"403\" srcset=\"http:\/\/lesmotifs.blogcinemacentansdejeunesse.org\/blog\/wp-content\/uploads\/2022\/04\/lalie-nina-roxane-artsea-1024x769.png 1024w, http:\/\/lesmotifs.blogcinemacentansdejeunesse.org\/blog\/wp-content\/uploads\/2022\/04\/lalie-nina-roxane-artsea-300x225.png 300w, http:\/\/lesmotifs.blogcinemacentansdejeunesse.org\/blog\/wp-content\/uploads\/2022\/04\/lalie-nina-roxane-artsea-768x577.png 768w, http:\/\/lesmotifs.blogcinemacentansdejeunesse.org\/blog\/wp-content\/uploads\/2022\/04\/lalie-nina-roxane-artsea.png 1270w\" sizes=\"(max-width: 537px) 100vw, 537px\" \/><figcaption>2\u00e8me \u00e9quipe: Artesa, Tana\u00efs, Lalie, Roxane, nina<\/figcaption><\/figure>\n\n\n\n<figure class=\"wp-block-image size-large is-resized\"><img loading=\"lazy\" src=\"http:\/\/lesmotifs.blogcinemacentansdejeunesse.org\/blog\/wp-content\/uploads\/2022\/04\/Sans-titre-1024x767.png\" alt=\"\" class=\"wp-image-2252\" width=\"542\" height=\"405\" srcset=\"http:\/\/lesmotifs.blogcinemacentansdejeunesse.org\/blog\/wp-content\/uploads\/2022\/04\/Sans-titre-1024x767.png 1024w, http:\/\/lesmotifs.blogcinemacentansdejeunesse.org\/blog\/wp-content\/uploads\/2022\/04\/Sans-titre-300x225.png 300w, http:\/\/lesmotifs.blogcinemacentansdejeunesse.org\/blog\/wp-content\/uploads\/2022\/04\/Sans-titre-768x575.png 768w, http:\/\/lesmotifs.blogcinemacentansdejeunesse.org\/blog\/wp-content\/uploads\/2022\/04\/Sans-titre.png 1385w\" sizes=\"(max-width: 542px) 100vw, 542px\" \/><figcaption>3\u00e8me \u00e9quipe: Gauthier, Fabio, Anton et Basil<\/figcaption><\/figure>\n\n\n\n<figure class=\"wp-block-image size-full is-resized\"><img loading=\"lazy\" src=\"http:\/\/lesmotifs.blogcinemacentansdejeunesse.org\/blog\/wp-content\/uploads\/2022\/04\/Elisa-Lydie.png\" alt=\"\" class=\"wp-image-2251\" width=\"551\" height=\"414\" srcset=\"http:\/\/lesmotifs.blogcinemacentansdejeunesse.org\/blog\/wp-content\/uploads\/2022\/04\/Elisa-Lydie.png 949w, http:\/\/lesmotifs.blogcinemacentansdejeunesse.org\/blog\/wp-content\/uploads\/2022\/04\/Elisa-Lydie-300x226.png 300w, http:\/\/lesmotifs.blogcinemacentansdejeunesse.org\/blog\/wp-content\/uploads\/2022\/04\/Elisa-Lydie-768x578.png 768w\" sizes=\"(max-width: 551px) 100vw, 551px\" \/><figcaption>Derni\u00e8re \u00e9quipe de la journ\u00e9e: Elisa et Lydie<\/figcaption><\/figure>\n","protected":false},"excerpt":{"rendered":"<p>Nous avons profit\u00e9 de la JPO des classes pr\u00e9paratoires de notre \u00e9tablissement pour nous mobiliser \u00e0 nouveau dans la vente de viennoiseries afin d&rsquo;avoir des chances d&rsquo;aller \u00e0 Paris en juin. ( toute la classe !)<\/p>\n","protected":false},"author":15,"featured_media":0,"comment_status":"open","ping_status":"open","sticky":false,"template":"","format":"standard","meta":[],"categories":[26],"tags":[],"_links":{"self":[{"href":"http:\/\/lesmotifs.blogcinemacentansdejeunesse.org\/blog\/wp-json\/wp\/v2\/posts\/2247"}],"collection":[{"href":"http:\/\/lesmotifs.blogcinemacentansdejeunesse.org\/blog\/wp-json\/wp\/v2\/posts"}],"about":[{"href":"http:\/\/lesmotifs.blogcinemacentansdejeunesse.org\/blog\/wp-json\/wp\/v2\/types\/post"}],"author":[{"embeddable":true,"href":"http:\/\/lesmotifs.blogcinemacentansdejeunesse.org\/blog\/wp-json\/wp\/v2\/users\/15"}],"replies":[{"embeddable":true,"href":"http:\/\/lesmotifs.blogcinemacentansdejeunesse.org\/blog\/wp-json\/wp\/v2\/comments?post=2247"}],"version-history":[{"count":3,"href":"http:\/\/lesmotifs.blogcinemacentansdejeunesse.org\/blog\/wp-json\/wp\/v2\/posts\/2247\/revisions"}],"predecessor-version":[{"id":2254,"href":"http:\/\/lesmotifs.blogcinemacentansdejeunesse.org\/blog\/wp-json\/wp\/v2\/posts\/2247\/revisions\/2254"}],"wp:attachment":[{"href":"http:\/\/lesmotifs.blogcinemacentansdejeunesse.org\/blog\/wp-json\/wp\/v2\/media?parent=2247"}],"wp:term":[{"taxonomy":"category","embeddable":true,"href":"http:\/\/lesmotifs.blogcinemacentansdejeunesse.org\/blog\/wp-json\/wp\/v2\/categories?post=2247"},{"taxonomy":"post_tag","embeddable":true,"href":"http:\/\/lesmotifs.blogcinemacentansdejeunesse.org\/blog\/wp-json\/wp\/v2\/tags?post=2247"}],"curies":[{"name":"wp","href":"https:\/\/api.w.org\/{rel}","templated":true}]}}