{"id":1923,"date":"2022-03-15T18:09:38","date_gmt":"2022-03-15T18:09:38","guid":{"rendered":"http:\/\/lesmotifs.blogcinemacentansdejeunesse.org\/blog\/?p=1923"},"modified":"2022-03-15T18:09:38","modified_gmt":"2022-03-15T18:09:38","slug":"alguns-excertos-a-que-assistimos-e-conversamos-sobre","status":"publish","type":"post","link":"http:\/\/lesmotifs.blogcinemacentansdejeunesse.org\/blog\/pombal\/alguns-excertos-a-que-assistimos-e-conversamos-sobre\/","title":{"rendered":"Alguns excertos a que assistimos e conversamos sobre"},"content":{"rendered":"\n<p>Some excerpts we watched and talked about<\/p>\n\n\n\n<figure class=\"wp-block-image size-full is-resized\"><img loading=\"lazy\" src=\"http:\/\/lesmotifs.blogcinemacentansdejeunesse.org\/blog\/wp-content\/uploads\/2022\/03\/20211105-CCAJ-Marque\u0302s-de-Pombal-2a-Sessa\u0303oPB040086.jpg\" alt=\"\" class=\"wp-image-1924\" width=\"669\" height=\"445\" srcset=\"http:\/\/lesmotifs.blogcinemacentansdejeunesse.org\/blog\/wp-content\/uploads\/2022\/03\/20211105-CCAJ-Marque\u0302s-de-Pombal-2a-Sessa\u0303oPB040086.jpg 1024w, http:\/\/lesmotifs.blogcinemacentansdejeunesse.org\/blog\/wp-content\/uploads\/2022\/03\/20211105-CCAJ-Marque\u0302s-de-Pombal-2a-Sessa\u0303oPB040086-300x200.jpg 300w, http:\/\/lesmotifs.blogcinemacentansdejeunesse.org\/blog\/wp-content\/uploads\/2022\/03\/20211105-CCAJ-Marque\u0302s-de-Pombal-2a-Sessa\u0303oPB040086-768x512.jpg 768w\" sizes=\"(max-width: 669px) 100vw, 669px\" \/><figcaption>Beijos Roubados (1968) Fran\u00e7ois Truffaut<\/figcaption><\/figure>\n\n\n\n<figure class=\"wp-block-image size-large is-resized\"><img loading=\"lazy\" src=\"http:\/\/lesmotifs.blogcinemacentansdejeunesse.org\/blog\/wp-content\/uploads\/2022\/03\/Captura-de-ecra\u0303-2022-03-15-a\u0300s-17.41.10-1024x614.png\" alt=\"\" class=\"wp-image-1927\" width=\"667\" height=\"399\" srcset=\"http:\/\/lesmotifs.blogcinemacentansdejeunesse.org\/blog\/wp-content\/uploads\/2022\/03\/Captura-de-ecra\u0303-2022-03-15-a\u0300s-17.41.10-1024x614.png 1024w, http:\/\/lesmotifs.blogcinemacentansdejeunesse.org\/blog\/wp-content\/uploads\/2022\/03\/Captura-de-ecra\u0303-2022-03-15-a\u0300s-17.41.10-300x180.png 300w, http:\/\/lesmotifs.blogcinemacentansdejeunesse.org\/blog\/wp-content\/uploads\/2022\/03\/Captura-de-ecra\u0303-2022-03-15-a\u0300s-17.41.10-768x460.png 768w, http:\/\/lesmotifs.blogcinemacentansdejeunesse.org\/blog\/wp-content\/uploads\/2022\/03\/Captura-de-ecra\u0303-2022-03-15-a\u0300s-17.41.10.png 1196w\" sizes=\"(max-width: 667px) 100vw, 667px\" \/><figcaption>Singularidades de uma Rapariga Loira (2009) Manoel de Oliveira<\/figcaption><\/figure>\n\n\n\n<p><\/p>\n\n\n\n<figure class=\"wp-block-image size-full is-resized\"><img loading=\"lazy\" src=\"http:\/\/lesmotifs.blogcinemacentansdejeunesse.org\/blog\/wp-content\/uploads\/2022\/03\/Captura-de-ecra\u0303-2022-03-15-a\u0300s-17.42.52.png\" alt=\"\" class=\"wp-image-1928\" width=\"667\" height=\"500\" srcset=\"http:\/\/lesmotifs.blogcinemacentansdejeunesse.org\/blog\/wp-content\/uploads\/2022\/03\/Captura-de-ecra\u0303-2022-03-15-a\u0300s-17.42.52.png 959w, http:\/\/lesmotifs.blogcinemacentansdejeunesse.org\/blog\/wp-content\/uploads\/2022\/03\/Captura-de-ecra\u0303-2022-03-15-a\u0300s-17.42.52-300x225.png 300w, http:\/\/lesmotifs.blogcinemacentansdejeunesse.org\/blog\/wp-content\/uploads\/2022\/03\/Captura-de-ecra\u0303-2022-03-15-a\u0300s-17.42.52-768x576.png 768w\" sizes=\"(max-width: 667px) 100vw, 667px\" \/><figcaption>Orphe\u0301e (1951) Jean Cocteau<\/figcaption><\/figure>\n\n\n\n<figure class=\"wp-block-image size-full is-resized\"><img loading=\"lazy\" src=\"http:\/\/lesmotifs.blogcinemacentansdejeunesse.org\/blog\/wp-content\/uploads\/2022\/03\/20220218-CCAJ-Marques-de-Pombal-10a-Sessa\u0303o_P2180018.jpg\" alt=\"\" class=\"wp-image-1925\" width=\"664\" height=\"442\" srcset=\"http:\/\/lesmotifs.blogcinemacentansdejeunesse.org\/blog\/wp-content\/uploads\/2022\/03\/20220218-CCAJ-Marques-de-Pombal-10a-Sessa\u0303o_P2180018.jpg 1024w, http:\/\/lesmotifs.blogcinemacentansdejeunesse.org\/blog\/wp-content\/uploads\/2022\/03\/20220218-CCAJ-Marques-de-Pombal-10a-Sessa\u0303o_P2180018-300x200.jpg 300w, http:\/\/lesmotifs.blogcinemacentansdejeunesse.org\/blog\/wp-content\/uploads\/2022\/03\/20220218-CCAJ-Marques-de-Pombal-10a-Sessa\u0303o_P2180018-768x512.jpg 768w\" sizes=\"(max-width: 664px) 100vw, 664px\" \/><figcaption>Da Vida Das Marionetas (1980) Ingmar Bergman<\/figcaption><\/figure>\n\n\n\n<figure class=\"wp-block-image size-full is-resized\"><img loading=\"lazy\" src=\"http:\/\/lesmotifs.blogcinemacentansdejeunesse.org\/blog\/wp-content\/uploads\/2022\/03\/20220218-CCAJ-Marques-de-Pombal-10a-Sessa\u0303o_P2180020.jpg\" alt=\"\" class=\"wp-image-1926\" width=\"666\" height=\"443\" srcset=\"http:\/\/lesmotifs.blogcinemacentansdejeunesse.org\/blog\/wp-content\/uploads\/2022\/03\/20220218-CCAJ-Marques-de-Pombal-10a-Sessa\u0303o_P2180020.jpg 1024w, http:\/\/lesmotifs.blogcinemacentansdejeunesse.org\/blog\/wp-content\/uploads\/2022\/03\/20220218-CCAJ-Marques-de-Pombal-10a-Sessa\u0303o_P2180020-300x200.jpg 300w, http:\/\/lesmotifs.blogcinemacentansdejeunesse.org\/blog\/wp-content\/uploads\/2022\/03\/20220218-CCAJ-Marques-de-Pombal-10a-Sessa\u0303o_P2180020-768x512.jpg 768w\" sizes=\"(max-width: 666px) 100vw, 666px\" \/><figcaption>A Com\u00e9dia de Deus (1995) Jo\u00e3o C\u00e9sar Monteiro <\/figcaption><\/figure>\n\n\n\n<p><\/p>\n\n\n\n<figure class=\"wp-block-image size-full is-resized\"><img loading=\"lazy\" src=\"http:\/\/lesmotifs.blogcinemacentansdejeunesse.org\/blog\/wp-content\/uploads\/2022\/03\/Captura-de-ecra\u0303-2022-03-15-a\u0300s-17.42.05.png\" alt=\"\" class=\"wp-image-1929\" width=\"669\" height=\"494\" srcset=\"http:\/\/lesmotifs.blogcinemacentansdejeunesse.org\/blog\/wp-content\/uploads\/2022\/03\/Captura-de-ecra\u0303-2022-03-15-a\u0300s-17.42.05.png 948w, http:\/\/lesmotifs.blogcinemacentansdejeunesse.org\/blog\/wp-content\/uploads\/2022\/03\/Captura-de-ecra\u0303-2022-03-15-a\u0300s-17.42.05-300x222.png 300w, http:\/\/lesmotifs.blogcinemacentansdejeunesse.org\/blog\/wp-content\/uploads\/2022\/03\/Captura-de-ecra\u0303-2022-03-15-a\u0300s-17.42.05-768x568.png 768w\" sizes=\"(max-width: 669px) 100vw, 669px\" \/><figcaption>Photographic Memory (2012) Ross McElwee<\/figcaption><\/figure>\n","protected":false},"excerpt":{"rendered":"<p>Some excerpts we watched and talked about<\/p>\n","protected":false},"author":26,"featured_media":0,"comment_status":"open","ping_status":"open","sticky":false,"template":"","format":"standard","meta":[],"categories":[26,1,27],"tags":[],"_links":{"self":[{"href":"http:\/\/lesmotifs.blogcinemacentansdejeunesse.org\/blog\/wp-json\/wp\/v2\/posts\/1923"}],"collection":[{"href":"http:\/\/lesmotifs.blogcinemacentansdejeunesse.org\/blog\/wp-json\/wp\/v2\/posts"}],"about":[{"href":"http:\/\/lesmotifs.blogcinemacentansdejeunesse.org\/blog\/wp-json\/wp\/v2\/types\/post"}],"author":[{"embeddable":true,"href":"http:\/\/lesmotifs.blogcinemacentansdejeunesse.org\/blog\/wp-json\/wp\/v2\/users\/26"}],"replies":[{"embeddable":true,"href":"http:\/\/lesmotifs.blogcinemacentansdejeunesse.org\/blog\/wp-json\/wp\/v2\/comments?post=1923"}],"version-history":[{"count":2,"href":"http:\/\/lesmotifs.blogcinemacentansdejeunesse.org\/blog\/wp-json\/wp\/v2\/posts\/1923\/revisions"}],"predecessor-version":[{"id":1931,"href":"http:\/\/lesmotifs.blogcinemacentansdejeunesse.org\/blog\/wp-json\/wp\/v2\/posts\/1923\/revisions\/1931"}],"wp:attachment":[{"href":"http:\/\/lesmotifs.blogcinemacentansdejeunesse.org\/blog\/wp-json\/wp\/v2\/media?parent=1923"}],"wp:term":[{"taxonomy":"category","embeddable":true,"href":"http:\/\/lesmotifs.blogcinemacentansdejeunesse.org\/blog\/wp-json\/wp\/v2\/categories?post=1923"},{"taxonomy":"post_tag","embeddable":true,"href":"http:\/\/lesmotifs.blogcinemacentansdejeunesse.org\/blog\/wp-json\/wp\/v2\/tags?post=1923"}],"curies":[{"name":"wp","href":"https:\/\/api.w.org\/{rel}","templated":true}]}}