{"id":1744,"date":"2022-03-03T11:44:38","date_gmt":"2022-03-03T11:44:38","guid":{"rendered":"http:\/\/lesmotifs.blogcinemacentansdejeunesse.org\/blog\/?p=1744"},"modified":"2022-03-03T11:47:52","modified_gmt":"2022-03-03T11:47:52","slug":"presentation-de-latelier-de-linstitut-maria-espinalt-a-barcelonne","status":"publish","type":"post","link":"http:\/\/lesmotifs.blogcinemacentansdejeunesse.org\/blog\/mariaespinalt\/presentation-de-latelier-de-linstitut-maria-espinalt-a-barcelonne\/","title":{"rendered":""},"content":{"rendered":"\n<h2>Pr\u00e9sentation de l&rsquo;atelier de l&rsquo;Institut Maria Espinalt, \u00e0 Barcelonne<\/h2>\n\n\n\n<p>Salut!<\/p>\n\n\n\n<p>Nous sommes les \u00e9l\u00e8ves de l&rsquo;Institut Maria Espinalt, du quartier du Poblenou, \u00e0 Barcelonne. Nous sommes dans la classe de 3\u00e8me au Coll\u00e8ge. <br><br>Nous sommes tr\u00e8s contents et contentes de participer aux ateliers de cin\u00e9ma parce que nous sommes en train d&rsquo;apprendre beaucoup des particularit\u00e9s sur le cin\u00e9ma que nous ne connaissions pas. Nous aimons aussi travailler et apprendre avec David, n\u00f4tre cin\u00e9aste intervenant.<br><\/p>\n\n\n\n<figure class=\"wp-block-image size-full is-resized\"><img loading=\"lazy\" src=\"http:\/\/lesmotifs.blogcinemacentansdejeunesse.org\/blog\/wp-content\/uploads\/2022\/03\/21-22_foto_grup_octubre_0.jpg\" alt=\"\" class=\"wp-image-1745\" width=\"454\" height=\"354\" srcset=\"http:\/\/lesmotifs.blogcinemacentansdejeunesse.org\/blog\/wp-content\/uploads\/2022\/03\/21-22_foto_grup_octubre_0.jpg 1000w, http:\/\/lesmotifs.blogcinemacentansdejeunesse.org\/blog\/wp-content\/uploads\/2022\/03\/21-22_foto_grup_octubre_0-300x235.jpg 300w, http:\/\/lesmotifs.blogcinemacentansdejeunesse.org\/blog\/wp-content\/uploads\/2022\/03\/21-22_foto_grup_octubre_0-768x601.jpg 768w\" sizes=\"(max-width: 454px) 100vw, 454px\" \/><\/figure>\n","protected":false},"excerpt":{"rendered":"<p>Pr\u00e9sentation de l&rsquo;atelier de l&rsquo;Institut Maria Espinalt, \u00e0 Barcelonne Salut! Nous sommes les \u00e9l\u00e8ves de l&rsquo;Institut Maria Espinalt, du quartier du Poblenou, \u00e0 Barcelonne. Nous sommes dans la classe de 3\u00e8me au Coll\u00e8ge. Nous sommes tr\u00e8s contents et contentes de &hellip; <a href=\"http:\/\/lesmotifs.blogcinemacentansdejeunesse.org\/blog\/mariaespinalt\/presentation-de-latelier-de-linstitut-maria-espinalt-a-barcelonne\/\">Continuer la lecture <span class=\"meta-nav\">&rarr;<\/span><\/a><\/p>\n","protected":false},"author":43,"featured_media":0,"comment_status":"open","ping_status":"open","sticky":false,"template":"","format":"standard","meta":[],"categories":[28],"tags":[],"_links":{"self":[{"href":"http:\/\/lesmotifs.blogcinemacentansdejeunesse.org\/blog\/wp-json\/wp\/v2\/posts\/1744"}],"collection":[{"href":"http:\/\/lesmotifs.blogcinemacentansdejeunesse.org\/blog\/wp-json\/wp\/v2\/posts"}],"about":[{"href":"http:\/\/lesmotifs.blogcinemacentansdejeunesse.org\/blog\/wp-json\/wp\/v2\/types\/post"}],"author":[{"embeddable":true,"href":"http:\/\/lesmotifs.blogcinemacentansdejeunesse.org\/blog\/wp-json\/wp\/v2\/users\/43"}],"replies":[{"embeddable":true,"href":"http:\/\/lesmotifs.blogcinemacentansdejeunesse.org\/blog\/wp-json\/wp\/v2\/comments?post=1744"}],"version-history":[{"count":6,"href":"http:\/\/lesmotifs.blogcinemacentansdejeunesse.org\/blog\/wp-json\/wp\/v2\/posts\/1744\/revisions"}],"predecessor-version":[{"id":1764,"href":"http:\/\/lesmotifs.blogcinemacentansdejeunesse.org\/blog\/wp-json\/wp\/v2\/posts\/1744\/revisions\/1764"}],"wp:attachment":[{"href":"http:\/\/lesmotifs.blogcinemacentansdejeunesse.org\/blog\/wp-json\/wp\/v2\/media?parent=1744"}],"wp:term":[{"taxonomy":"category","embeddable":true,"href":"http:\/\/lesmotifs.blogcinemacentansdejeunesse.org\/blog\/wp-json\/wp\/v2\/categories?post=1744"},{"taxonomy":"post_tag","embeddable":true,"href":"http:\/\/lesmotifs.blogcinemacentansdejeunesse.org\/blog\/wp-json\/wp\/v2\/tags?post=1744"}],"curies":[{"name":"wp","href":"https:\/\/api.w.org\/{rel}","templated":true}]}}